{"id":3904,"date":"2025-07-09T12:00:57","date_gmt":"2025-07-09T12:00:57","guid":{"rendered":"https:\/\/vendemivivienda.com\/?p=3904"},"modified":"2026-04-24T19:56:14","modified_gmt":"2026-04-24T19:56:14","slug":"fordelar-med-att-kopa-bostad-i-torrevieja-och-alicante-darfor-ar-det-ett-smart-val","status":"publish","type":"post","link":"https:\/\/vendemivivienda.com\/sv\/fordelar-med-att-kopa-bostad-i-torrevieja-och-alicante-darfor-ar-det-ett-smart-val\/","title":{"rendered":"F\u00f6rdelar med att k\u00f6pa bostad i Torrevieja och Alicante \u2013 d\u00e4rf\u00f6r \u00e4r det ett smart val"},"content":{"rendered":"\n<style type=\"text\/css\" data-created_by=\"avia_inline_auto\" id=\"style-css-av-li8y3b5r-896b481b4be0637749934895c70ea8ba\">\n#top .av-special-heading.av-li8y3b5r-896b481b4be0637749934895c70ea8ba{\npadding-bottom:10px;\n}\nbody .av-special-heading.av-li8y3b5r-896b481b4be0637749934895c70ea8ba .av-special-heading-tag .heading-char{\nfont-size:25px;\n}\n.av-special-heading.av-li8y3b5r-896b481b4be0637749934895c70ea8ba .av-subheading{\nfont-size:15px;\n}\n<\/style>\n<div  class='av-special-heading av-li8y3b5r-896b481b4be0637749934895c70ea8ba av-special-heading-h1 blockquote modern-quote modern-centered  avia-builder-el-0  el_before_av_hr  avia-builder-el-first '><h1 class='av-special-heading-tag '  itemprop=\"headline\"  >F\u00f6rdelar med att k\u00f6pa bostad i Torrevieja och Alicante \u2013 d\u00e4rf\u00f6r \u00e4r det ett smart val<\/h1><div class=\"special-heading-border\"><div class=\"special-heading-inner-border\"><\/div><\/div><\/div>\n\n<style type=\"text\/css\" data-created_by=\"avia_inline_auto\" id=\"style-css-av-li8y5ywq-4ea2fc978b7e9f92fdf0262db97dd5d3\">\n#top .hr.hr-invisible.av-li8y5ywq-4ea2fc978b7e9f92fdf0262db97dd5d3{\nheight:30px;\n}\n<\/style>\n<div  class='hr av-li8y5ywq-4ea2fc978b7e9f92fdf0262db97dd5d3 hr-invisible  avia-builder-el-1  el_after_av_heading  el_before_av_image '><span class='hr-inner '><span class=\"hr-inner-style\"><\/span><\/span><\/div>\n\n<style type=\"text\/css\" data-created_by=\"avia_inline_auto\" id=\"style-css-av-li8y3tae-3efb75e5b5f7b2baab94a5f2059a0e7f\">\n.avia-image-container.av-li8y3tae-3efb75e5b5f7b2baab94a5f2059a0e7f img.avia_image{\nbox-shadow:none;\n}\n.avia-image-container.av-li8y3tae-3efb75e5b5f7b2baab94a5f2059a0e7f .av-image-caption-overlay-center{\ncolor:#ffffff;\n}\n<\/style>\n<div  class='avia-image-container av-li8y3tae-3efb75e5b5f7b2baab94a5f2059a0e7f av-styling- avia-align-center  avia-builder-el-2  el_after_av_hr  el_before_av_hr '   itemprop=\"image\" itemscope=\"itemscope\" itemtype=\"https:\/\/schema.org\/ImageObject\" ><div class=\"avia-image-container-inner\"><div class=\"avia-image-overlay-wrap\"><img decoding=\"async\" fetchpriority=\"high\" class='wp-image-3901 avia-img-lazy-loading-not-3901 avia_image ' src=\"https:\/\/vendemivivienda.com\/wp-content\/uploads\/2023\/05\/post01.jpg\" alt='' title='post01'  height=\"900\" width=\"1920\"  itemprop=\"thumbnailUrl\" srcset=\"https:\/\/vendemivivienda.com\/wp-content\/uploads\/2023\/05\/post01.jpg 1920w, https:\/\/vendemivivienda.com\/wp-content\/uploads\/2023\/05\/post01-300x141.jpg 300w, https:\/\/vendemivivienda.com\/wp-content\/uploads\/2023\/05\/post01-1030x483.jpg 1030w, https:\/\/vendemivivienda.com\/wp-content\/uploads\/2023\/05\/post01-768x360.jpg 768w, https:\/\/vendemivivienda.com\/wp-content\/uploads\/2023\/05\/post01-1536x720.jpg 1536w, https:\/\/vendemivivienda.com\/wp-content\/uploads\/2023\/05\/post01-1500x703.jpg 1500w, https:\/\/vendemivivienda.com\/wp-content\/uploads\/2023\/05\/post01-705x330.jpg 705w\" sizes=\"(max-width: 1920px) 100vw, 1920px\" \/><\/div><\/div><\/div>\n<div  class='hr av-z93s-5edad448399475b00d46c1d619f26f1e hr-default  avia-builder-el-3  el_after_av_image  el_before_av_textblock '><span class='hr-inner '><span class=\"hr-inner-style\"><\/span><\/span><\/div>\n<section  class='av_textblock_section av-li8t12p5-bbc92d6be0f8430dacf898b3068f439f '   itemscope=\"itemscope\" itemtype=\"https:\/\/schema.org\/BlogPosting\" itemprop=\"blogPost\" ><div class='avia_textblock'  itemprop=\"text\" ><p><span lang=\"sv-SE\">Att k\u00f6pa bostad i Spanien \u00e4r ett stort och sp\u00e4nnande beslut. Allt fler v\u00e4ljer idag att k\u00f6pa bostad i Torrevieja eller Alicante online \u2013 ett smidigt och effektivt s\u00e4tt att hitta r\u00e4tt hem. H\u00e4r g\u00e5r vi igenom varf\u00f6r det \u00e4r en smart strategi och vilka f\u00f6rdelar du f\u00e5r som k\u00f6pare.<\/span><\/p>\n<p><span lang=\"sv-SE\">Funderar du p\u00e5 att k\u00f6pa l\u00e4genhet eller hus i Spanien? D\u00e5 \u00e4r detta f\u00f6r dig.<\/span><\/p>\n<p><span lang=\"sv-SE\"><b>Stort utbud av bost\u00e4der i Torrevieja och Alicante<\/b><\/span><\/p>\n<p><span lang=\"sv-SE\">En av de st\u00f6rsta f\u00f6rdelarna med att k\u00f6pa bostad online \u00e4r det breda utbudet. <\/span>Du f\u00e5r direkt tillg\u00e5ng till:<\/p>\n<ul>\n<li>L\u00e4genheter n\u00e4ra stranden i Torrevieja<\/li>\n<li>Villor i Alicante<\/li>\n<li><span lang=\"sv-SE\">Radhus och semesterbost\u00e4der i attraktiva omr\u00e5den<\/span><\/li>\n<\/ul>\n<p><span lang=\"sv-SE\">Du kan enkelt j\u00e4mf\u00f6ra olika bost\u00e4der, priser och omr\u00e5den \u2013 utan att beh\u00f6va resa.<\/span><\/p>\n<p><span lang=\"sv-SE\"><b>Spara tid och energi<\/b><\/span><\/p>\n<p><span lang=\"sv-SE\">Att leta bostad p\u00e5 plats kan vara tidskr\u00e4vande och stressigt. Genom att s\u00f6ka online kan du:<\/span><\/p>\n<ul>\n<li><span lang=\"sv-SE\">Filtrera efter pris, l\u00e4ge och storlek<\/span><\/li>\n<li><span lang=\"sv-SE\">Se bilder, planritningar och detaljer direkt<\/span><\/li>\n<li><span lang=\"sv-SE\">Snabbt v\u00e4lja ut de mest intressanta objekten<\/span><\/li>\n<\/ul>\n<p><span lang=\"sv-SE\">Detta g\u00f6r att du kan fatta snabbare och mer genomt\u00e4nkta beslut.<\/span><\/p>\n<p><span lang=\"sv-SE\"><b>Prisv\u00e4rda bost\u00e4der i Spanien \u2013 b\u00e4ttre l\u00e4ge och b\u00e4ttre aff\u00e4rer<\/b><\/span><\/p>\n<p><span lang=\"sv-SE\">Begagnade bost\u00e4der i Spanien, s\u00e4rskilt i Torrevieja och Alicante, \u00e4r ofta betydligt mer prisv\u00e4rda \u00e4n nyproduktion. De mest attraktiva omr\u00e5dena l\u00e4ngs Costa Blanca byggdes redan under 60\u201390-talet, vilket inneb\u00e4r att m\u00e5nga bost\u00e4der n\u00e4ra stranden idag \u00e4r andrahandsobjekt.<\/span><\/p>\n<p><span lang=\"sv-SE\">Nyproduktion byggs numera ofta l\u00e4ngre fr\u00e5n havet \u2013 och till ett h\u00f6gre pris. Genom att v\u00e4lja en begagnad bostad kan du d\u00e4rf\u00f6r f\u00e5 ett b\u00e4ttre l\u00e4ge, ofta n\u00e4ra strand, restauranger och service, till ett mer konkurrenskraftigt pris.<\/span><\/p>\n<p><span lang=\"sv-SE\">N\u00e4r du letar bostad online i Spanien f\u00e5r du dessutom:<\/span><\/p>\n<ul>\n<li><span lang=\"sv-SE\">M\u00f6jlighet att j\u00e4mf\u00f6ra bost\u00e4der i Torrevieja och Alicante snabbt och enkelt <\/span><\/li>\n<li><span lang=\"sv-SE\">Tillg\u00e5ng till attraktiva strandn\u00e4ra l\u00e4gen med renoveringspotential <\/span><\/li>\n<li><span lang=\"sv-SE\">Ett starkare f\u00f6rhandlingsl\u00e4ge tack vare b\u00e4ttre \u00f6verblick av marknaden <\/span><\/li>\n<\/ul>\n<p><span lang=\"sv-SE\">Detta g\u00f6r att du har st\u00f6rre chans att hitta r\u00e4tt bostad i Spanien \u2013 oavsett om du s\u00f6ker semesterbostad, investering eller permanent boende p\u00e5 Costa Blanca.<\/span><\/p>\n<p><span lang=\"sv-SE\"><b>K\u00f6pa bostad i Spanien online? Lita inte bara p\u00e5 bilder \u2013 se hela verkligheten<\/b><\/span><\/p>\n<p><span lang=\"sv-SE\">Att k\u00f6pa bostad i Spanien, s\u00e4rskilt i popul\u00e4ra omr\u00e5den som Torrevieja och Alicante, b\u00f6rjar ofta online. Men professionella bilder och snygga annonser visar inte alltid hela sanningen.<\/span><\/p>\n<p>De flesta bostadsportaler erbjuder:<\/p>\n<ul>\n<li>H\u00f6guppl\u00f6sta bilder<\/li>\n<li>Beskrivningar av bostaden och omr\u00e5det<\/li>\n<li>Grundl\u00e4ggande fakta och dokument<\/li>\n<\/ul>\n<p><span lang=\"sv-SE\">Det ger en bra f\u00f6rsta bild \u2013 men l\u00e5ngt ifr\u00e5n hela verkligheten.<\/span><\/p>\n<p><span lang=\"sv-SE\">Som k\u00f6pare i Spanien har du dessutom unders\u00f6kningsplikt, vilket inneb\u00e4r att du sj\u00e4lv ansvarar f\u00f6r att kontrollera bostadens skick innan k\u00f6p. D\u00e4rf\u00f6r \u00e4r det avg\u00f6rande att g\u00e5 djupare \u00e4n vad annonserna visar.<\/span><\/p>\n<p><span lang=\"sv-SE\">F\u00f6r en trygg och s\u00e4ker bostadsaff\u00e4r b\u00f6r du alltid:<\/span><\/p>\n<ul>\n<li><span lang=\"sv-SE\">S\u00e4kerst\u00e4lla att m\u00e4klaren har bes\u00f6kt bostaden personligen <\/span><\/li>\n<li><span lang=\"sv-SE\">Be om en videovisning d\u00e4r bostaden visas utan filter <\/span><\/li>\n<li><span lang=\"sv-SE\">F\u00e5 en \u00e4rlig genomg\u00e5ng av b\u00e5de f\u00f6rdelar och nackdelar <\/span><\/li>\n<li><span lang=\"sv-SE\">Ta reda p\u00e5 s\u00e5dant som inte syns p\u00e5 bild \u2013 som ljudniv\u00e5, omgivning och eventuella brister <\/span><\/li>\n<\/ul>\n<p><span lang=\"sv-SE\">Vill du vara helt s\u00e4ker rekommenderar vi att komplettera med en oberoende besiktning av bostaden innan k\u00f6p. Det ger dig en objektiv bed\u00f6mning och minskar risken f\u00f6r ov\u00e4ntade problem.<\/span><\/p>\n<p><span lang=\"sv-SE\">Att k\u00f6pa bostad i Torrevieja eller Alicante ska k\u00e4nnas tryggt \u2013 och r\u00e4tt information fr\u00e5n b\u00f6rjan \u00e4r avg\u00f6rande f\u00f6r ett lyckat k\u00f6p.<\/span><\/p>\n<p><span lang=\"sv-SE\"><b>Enkel j\u00e4mf\u00f6relse av bost\u00e4der i Spanien<\/b><\/span><\/p>\n<p><span lang=\"sv-SE\">N\u00e4r du k\u00f6per bostad online kan du enkelt j\u00e4mf\u00f6ra flera alternativ samtidigt. <\/span>Du kan:<\/p>\n<ul>\n<li>J\u00e4mf\u00f6ra priser mellan olika omr\u00e5den<\/li>\n<li><span lang=\"sv-SE\">Se skillnader i storlek, standard och l\u00e4ge<\/span><\/li>\n<li><span lang=\"sv-SE\">Anv\u00e4nda smarta s\u00f6kfilter f\u00f6r att hitta r\u00e4tt<\/span><\/li>\n<\/ul>\n<p><span lang=\"sv-SE\">Detta g\u00f6r det mycket enklare att hitta din dr\u00f6mbostad i Spanien.<\/span><\/p>\n<p><span lang=\"sv-SE\"><b>K\u00f6p bostad i Torrevieja eller Alicante \u2013 enklare \u00e4n n\u00e5gonsin<\/b><\/span><\/p>\n<p><span lang=\"sv-SE\">Att b\u00f6rja s\u00f6ka efter en begagnad bostad online ger dig stora f\u00f6rdelar: st\u00f6rre utbud, tidsbesparing, b\u00e4ttre priser och full \u00f6verblick. Det \u00e4r ett modernt och effektivt s\u00e4tt att hitta r\u00e4tt bostad i Spanien.<\/span><\/p>\n<p><span lang=\"sv-SE\">B\u00f6rja din bostadss\u00f6kning online idag och hitta din perfekta bostad i Torrevieja eller Alicante!<\/span><\/p>\n<\/div><\/section>\n","protected":false},"excerpt":{"rendered":"<p>Att k\u00f6pa bostad i Spanien \u00e4r ett stort och sp\u00e4nnande beslut. Allt fler v\u00e4ljer idag att k\u00f6pa bostad i Torrevieja eller Alicante online \u2013 ett smidigt och effektivt s\u00e4tt att hitta r\u00e4tt hem. H\u00e4r g\u00e5r vi igenom varf\u00f6r det \u00e4r en smart strategi och vilka f\u00f6rdelar du f\u00e5r som k\u00f6pare.<\/p>\n","protected":false},"author":1,"featured_media":3901,"comment_status":"open","ping_status":"open","sticky":false,"template":"","format":"standard","meta":{"_acf_changed":false,"footnotes":""},"categories":[225],"tags":[],"class_list":["post-3904","post","type-post","status-publish","format-standard","has-post-thumbnail","hentry","category-okategoriserad"],"acf":[],"yoast_head":"<!-- This site is optimized with the Yoast SEO plugin v27.4 - https:\/\/yoast.com\/product\/yoast-seo-wordpress\/ -->\n<title>F\u00f6rdelar med att k\u00f6pa bostad i Torrevieja och Alicante \u2013 d\u00e4rf\u00f6r \u00e4r det ett smart val - VENDE MI VIVIENDA<\/title>\n<meta name=\"robots\" content=\"index, follow, max-snippet:-1, max-image-preview:large, max-video-preview:-1\" \/>\n<link rel=\"canonical\" href=\"https:\/\/vendemivivienda.com\/sv\/fordelar-med-att-kopa-bostad-i-torrevieja-och-alicante-darfor-ar-det-ett-smart-val\/\" \/>\n<meta property=\"og:locale\" content=\"sv_SE\" \/>\n<meta property=\"og:type\" content=\"article\" \/>\n<meta property=\"og:title\" content=\"F\u00f6rdelar med att k\u00f6pa bostad i Torrevieja och Alicante \u2013 d\u00e4rf\u00f6r \u00e4r det ett smart val - VENDE MI VIVIENDA\" \/>\n<meta property=\"og:description\" content=\"Att k\u00f6pa bostad i Spanien \u00e4r ett stort och sp\u00e4nnande beslut. Allt fler v\u00e4ljer idag att k\u00f6pa bostad i Torrevieja eller Alicante online \u2013 ett smidigt och effektivt s\u00e4tt att hitta r\u00e4tt hem. H\u00e4r g\u00e5r vi igenom varf\u00f6r det \u00e4r en smart strategi och vilka f\u00f6rdelar du f\u00e5r som k\u00f6pare.\" \/>\n<meta property=\"og:url\" content=\"https:\/\/vendemivivienda.com\/sv\/fordelar-med-att-kopa-bostad-i-torrevieja-och-alicante-darfor-ar-det-ett-smart-val\/\" \/>\n<meta property=\"og:site_name\" content=\"VENDE MI VIVIENDA\" \/>\n<meta property=\"article:published_time\" content=\"2025-07-09T12:00:57+00:00\" \/>\n<meta property=\"article:modified_time\" content=\"2026-04-24T19:56:14+00:00\" \/>\n<meta property=\"og:image\" content=\"https:\/\/vendemivivienda.com\/wp-content\/uploads\/2023\/05\/post01.jpg\" \/>\n\t<meta property=\"og:image:width\" content=\"1920\" \/>\n\t<meta property=\"og:image:height\" content=\"900\" \/>\n\t<meta property=\"og:image:type\" content=\"image\/jpeg\" \/>\n<meta name=\"author\" content=\"admin\" \/>\n<meta name=\"twitter:card\" content=\"summary_large_image\" \/>\n<meta name=\"twitter:label1\" content=\"Skriven av\" \/>\n\t<meta name=\"twitter:data1\" content=\"admin\" \/>\n\t<meta name=\"twitter:label2\" content=\"Ber\u00e4knad l\u00e4stid\" \/>\n\t<meta name=\"twitter:data2\" content=\"4 minuter\" \/>\n<script type=\"application\/ld+json\" class=\"yoast-schema-graph\">{\"@context\":\"https:\\\/\\\/schema.org\",\"@graph\":[{\"@type\":\"Article\",\"@id\":\"https:\\\/\\\/vendemivivienda.com\\\/sv\\\/fordelar-med-att-kopa-bostad-i-torrevieja-och-alicante-darfor-ar-det-ett-smart-val\\\/#article\",\"isPartOf\":{\"@id\":\"https:\\\/\\\/vendemivivienda.com\\\/sv\\\/fordelar-med-att-kopa-bostad-i-torrevieja-och-alicante-darfor-ar-det-ett-smart-val\\\/\"},\"author\":{\"name\":\"admin\",\"@id\":\"https:\\\/\\\/vendemivivienda.com\\\/sv\\\/#\\\/schema\\\/person\\\/96615255e71cb288f92260e95893782d\"},\"headline\":\"F\u00f6rdelar med att k\u00f6pa bostad i Torrevieja och Alicante \u2013 d\u00e4rf\u00f6r \u00e4r det ett smart val\",\"datePublished\":\"2025-07-09T12:00:57+00:00\",\"dateModified\":\"2026-04-24T19:56:14+00:00\",\"mainEntityOfPage\":{\"@id\":\"https:\\\/\\\/vendemivivienda.com\\\/sv\\\/fordelar-med-att-kopa-bostad-i-torrevieja-och-alicante-darfor-ar-det-ett-smart-val\\\/\"},\"wordCount\":1665,\"commentCount\":0,\"image\":{\"@id\":\"https:\\\/\\\/vendemivivienda.com\\\/sv\\\/fordelar-med-att-kopa-bostad-i-torrevieja-och-alicante-darfor-ar-det-ett-smart-val\\\/#primaryimage\"},\"thumbnailUrl\":\"https:\\\/\\\/vendemivivienda.com\\\/wp-content\\\/uploads\\\/2023\\\/05\\\/post01.jpg\",\"articleSection\":[\"Okategoriserad\"],\"inLanguage\":\"sv-SE\",\"potentialAction\":[{\"@type\":\"CommentAction\",\"name\":\"Comment\",\"target\":[\"https:\\\/\\\/vendemivivienda.com\\\/sv\\\/fordelar-med-att-kopa-bostad-i-torrevieja-och-alicante-darfor-ar-det-ett-smart-val\\\/#respond\"]}]},{\"@type\":\"WebPage\",\"@id\":\"https:\\\/\\\/vendemivivienda.com\\\/sv\\\/fordelar-med-att-kopa-bostad-i-torrevieja-och-alicante-darfor-ar-det-ett-smart-val\\\/\",\"url\":\"https:\\\/\\\/vendemivivienda.com\\\/sv\\\/fordelar-med-att-kopa-bostad-i-torrevieja-och-alicante-darfor-ar-det-ett-smart-val\\\/\",\"name\":\"F\u00f6rdelar med att k\u00f6pa bostad i Torrevieja och Alicante \u2013 d\u00e4rf\u00f6r \u00e4r det ett smart val - VENDE MI VIVIENDA\",\"isPartOf\":{\"@id\":\"https:\\\/\\\/vendemivivienda.com\\\/sv\\\/#website\"},\"primaryImageOfPage\":{\"@id\":\"https:\\\/\\\/vendemivivienda.com\\\/sv\\\/fordelar-med-att-kopa-bostad-i-torrevieja-och-alicante-darfor-ar-det-ett-smart-val\\\/#primaryimage\"},\"image\":{\"@id\":\"https:\\\/\\\/vendemivivienda.com\\\/sv\\\/fordelar-med-att-kopa-bostad-i-torrevieja-och-alicante-darfor-ar-det-ett-smart-val\\\/#primaryimage\"},\"thumbnailUrl\":\"https:\\\/\\\/vendemivivienda.com\\\/wp-content\\\/uploads\\\/2023\\\/05\\\/post01.jpg\",\"datePublished\":\"2025-07-09T12:00:57+00:00\",\"dateModified\":\"2026-04-24T19:56:14+00:00\",\"author\":{\"@id\":\"https:\\\/\\\/vendemivivienda.com\\\/sv\\\/#\\\/schema\\\/person\\\/96615255e71cb288f92260e95893782d\"},\"breadcrumb\":{\"@id\":\"https:\\\/\\\/vendemivivienda.com\\\/sv\\\/fordelar-med-att-kopa-bostad-i-torrevieja-och-alicante-darfor-ar-det-ett-smart-val\\\/#breadcrumb\"},\"inLanguage\":\"sv-SE\",\"potentialAction\":[{\"@type\":\"ReadAction\",\"target\":[\"https:\\\/\\\/vendemivivienda.com\\\/sv\\\/fordelar-med-att-kopa-bostad-i-torrevieja-och-alicante-darfor-ar-det-ett-smart-val\\\/\"]}]},{\"@type\":\"ImageObject\",\"inLanguage\":\"sv-SE\",\"@id\":\"https:\\\/\\\/vendemivivienda.com\\\/sv\\\/fordelar-med-att-kopa-bostad-i-torrevieja-och-alicante-darfor-ar-det-ett-smart-val\\\/#primaryimage\",\"url\":\"https:\\\/\\\/vendemivivienda.com\\\/wp-content\\\/uploads\\\/2023\\\/05\\\/post01.jpg\",\"contentUrl\":\"https:\\\/\\\/vendemivivienda.com\\\/wp-content\\\/uploads\\\/2023\\\/05\\\/post01.jpg\",\"width\":1920,\"height\":900},{\"@type\":\"BreadcrumbList\",\"@id\":\"https:\\\/\\\/vendemivivienda.com\\\/sv\\\/fordelar-med-att-kopa-bostad-i-torrevieja-och-alicante-darfor-ar-det-ett-smart-val\\\/#breadcrumb\",\"itemListElement\":[{\"@type\":\"ListItem\",\"position\":1,\"name\":\"Portada\",\"item\":\"https:\\\/\\\/vendemivivienda.com\\\/sv\\\/home\\\/\"},{\"@type\":\"ListItem\",\"position\":2,\"name\":\"F\u00f6rdelar med att k\u00f6pa bostad i Torrevieja och Alicante \u2013 d\u00e4rf\u00f6r \u00e4r det ett smart val\"}]},{\"@type\":\"WebSite\",\"@id\":\"https:\\\/\\\/vendemivivienda.com\\\/sv\\\/#website\",\"url\":\"https:\\\/\\\/vendemivivienda.com\\\/sv\\\/\",\"name\":\"VENDE MI VIVIENDA\",\"description\":\"Vende casa o piso r\u00e1pidamente\",\"potentialAction\":[{\"@type\":\"SearchAction\",\"target\":{\"@type\":\"EntryPoint\",\"urlTemplate\":\"https:\\\/\\\/vendemivivienda.com\\\/sv\\\/?s={search_term_string}\"},\"query-input\":{\"@type\":\"PropertyValueSpecification\",\"valueRequired\":true,\"valueName\":\"search_term_string\"}}],\"inLanguage\":\"sv-SE\"},{\"@type\":\"Person\",\"@id\":\"https:\\\/\\\/vendemivivienda.com\\\/sv\\\/#\\\/schema\\\/person\\\/96615255e71cb288f92260e95893782d\",\"name\":\"admin\",\"image\":{\"@type\":\"ImageObject\",\"inLanguage\":\"sv-SE\",\"@id\":\"https:\\\/\\\/secure.gravatar.com\\\/avatar\\\/5a3b6d5d7f4dc831c0198f4807abba26cc207ec06c71d16cb7656ecd464c5068?s=96&d=mm&r=g\",\"url\":\"https:\\\/\\\/secure.gravatar.com\\\/avatar\\\/5a3b6d5d7f4dc831c0198f4807abba26cc207ec06c71d16cb7656ecd464c5068?s=96&d=mm&r=g\",\"contentUrl\":\"https:\\\/\\\/secure.gravatar.com\\\/avatar\\\/5a3b6d5d7f4dc831c0198f4807abba26cc207ec06c71d16cb7656ecd464c5068?s=96&d=mm&r=g\",\"caption\":\"admin\"},\"sameAs\":[\"https:\\\/\\\/vendemivivienda.com\"]}]}<\/script>\n<!-- \/ Yoast SEO plugin. -->","yoast_head_json":{"title":"F\u00f6rdelar med att k\u00f6pa bostad i Torrevieja och Alicante \u2013 d\u00e4rf\u00f6r \u00e4r det ett smart val - VENDE MI VIVIENDA","robots":{"index":"index","follow":"follow","max-snippet":"max-snippet:-1","max-image-preview":"max-image-preview:large","max-video-preview":"max-video-preview:-1"},"canonical":"https:\/\/vendemivivienda.com\/sv\/fordelar-med-att-kopa-bostad-i-torrevieja-och-alicante-darfor-ar-det-ett-smart-val\/","og_locale":"sv_SE","og_type":"article","og_title":"F\u00f6rdelar med att k\u00f6pa bostad i Torrevieja och Alicante \u2013 d\u00e4rf\u00f6r \u00e4r det ett smart val - VENDE MI VIVIENDA","og_description":"Att k\u00f6pa bostad i Spanien \u00e4r ett stort och sp\u00e4nnande beslut. Allt fler v\u00e4ljer idag att k\u00f6pa bostad i Torrevieja eller Alicante online \u2013 ett smidigt och effektivt s\u00e4tt att hitta r\u00e4tt hem. H\u00e4r g\u00e5r vi igenom varf\u00f6r det \u00e4r en smart strategi och vilka f\u00f6rdelar du f\u00e5r som k\u00f6pare.","og_url":"https:\/\/vendemivivienda.com\/sv\/fordelar-med-att-kopa-bostad-i-torrevieja-och-alicante-darfor-ar-det-ett-smart-val\/","og_site_name":"VENDE MI VIVIENDA","article_published_time":"2025-07-09T12:00:57+00:00","article_modified_time":"2026-04-24T19:56:14+00:00","og_image":[{"width":1920,"height":900,"url":"https:\/\/vendemivivienda.com\/wp-content\/uploads\/2023\/05\/post01.jpg","type":"image\/jpeg"}],"author":"admin","twitter_card":"summary_large_image","twitter_misc":{"Skriven av":"admin","Ber\u00e4knad l\u00e4stid":"4 minuter"},"schema":{"@context":"https:\/\/schema.org","@graph":[{"@type":"Article","@id":"https:\/\/vendemivivienda.com\/sv\/fordelar-med-att-kopa-bostad-i-torrevieja-och-alicante-darfor-ar-det-ett-smart-val\/#article","isPartOf":{"@id":"https:\/\/vendemivivienda.com\/sv\/fordelar-med-att-kopa-bostad-i-torrevieja-och-alicante-darfor-ar-det-ett-smart-val\/"},"author":{"name":"admin","@id":"https:\/\/vendemivivienda.com\/sv\/#\/schema\/person\/96615255e71cb288f92260e95893782d"},"headline":"F\u00f6rdelar med att k\u00f6pa bostad i Torrevieja och Alicante \u2013 d\u00e4rf\u00f6r \u00e4r det ett smart val","datePublished":"2025-07-09T12:00:57+00:00","dateModified":"2026-04-24T19:56:14+00:00","mainEntityOfPage":{"@id":"https:\/\/vendemivivienda.com\/sv\/fordelar-med-att-kopa-bostad-i-torrevieja-och-alicante-darfor-ar-det-ett-smart-val\/"},"wordCount":1665,"commentCount":0,"image":{"@id":"https:\/\/vendemivivienda.com\/sv\/fordelar-med-att-kopa-bostad-i-torrevieja-och-alicante-darfor-ar-det-ett-smart-val\/#primaryimage"},"thumbnailUrl":"https:\/\/vendemivivienda.com\/wp-content\/uploads\/2023\/05\/post01.jpg","articleSection":["Okategoriserad"],"inLanguage":"sv-SE","potentialAction":[{"@type":"CommentAction","name":"Comment","target":["https:\/\/vendemivivienda.com\/sv\/fordelar-med-att-kopa-bostad-i-torrevieja-och-alicante-darfor-ar-det-ett-smart-val\/#respond"]}]},{"@type":"WebPage","@id":"https:\/\/vendemivivienda.com\/sv\/fordelar-med-att-kopa-bostad-i-torrevieja-och-alicante-darfor-ar-det-ett-smart-val\/","url":"https:\/\/vendemivivienda.com\/sv\/fordelar-med-att-kopa-bostad-i-torrevieja-och-alicante-darfor-ar-det-ett-smart-val\/","name":"F\u00f6rdelar med att k\u00f6pa bostad i Torrevieja och Alicante \u2013 d\u00e4rf\u00f6r \u00e4r det ett smart val - VENDE MI VIVIENDA","isPartOf":{"@id":"https:\/\/vendemivivienda.com\/sv\/#website"},"primaryImageOfPage":{"@id":"https:\/\/vendemivivienda.com\/sv\/fordelar-med-att-kopa-bostad-i-torrevieja-och-alicante-darfor-ar-det-ett-smart-val\/#primaryimage"},"image":{"@id":"https:\/\/vendemivivienda.com\/sv\/fordelar-med-att-kopa-bostad-i-torrevieja-och-alicante-darfor-ar-det-ett-smart-val\/#primaryimage"},"thumbnailUrl":"https:\/\/vendemivivienda.com\/wp-content\/uploads\/2023\/05\/post01.jpg","datePublished":"2025-07-09T12:00:57+00:00","dateModified":"2026-04-24T19:56:14+00:00","author":{"@id":"https:\/\/vendemivivienda.com\/sv\/#\/schema\/person\/96615255e71cb288f92260e95893782d"},"breadcrumb":{"@id":"https:\/\/vendemivivienda.com\/sv\/fordelar-med-att-kopa-bostad-i-torrevieja-och-alicante-darfor-ar-det-ett-smart-val\/#breadcrumb"},"inLanguage":"sv-SE","potentialAction":[{"@type":"ReadAction","target":["https:\/\/vendemivivienda.com\/sv\/fordelar-med-att-kopa-bostad-i-torrevieja-och-alicante-darfor-ar-det-ett-smart-val\/"]}]},{"@type":"ImageObject","inLanguage":"sv-SE","@id":"https:\/\/vendemivivienda.com\/sv\/fordelar-med-att-kopa-bostad-i-torrevieja-och-alicante-darfor-ar-det-ett-smart-val\/#primaryimage","url":"https:\/\/vendemivivienda.com\/wp-content\/uploads\/2023\/05\/post01.jpg","contentUrl":"https:\/\/vendemivivienda.com\/wp-content\/uploads\/2023\/05\/post01.jpg","width":1920,"height":900},{"@type":"BreadcrumbList","@id":"https:\/\/vendemivivienda.com\/sv\/fordelar-med-att-kopa-bostad-i-torrevieja-och-alicante-darfor-ar-det-ett-smart-val\/#breadcrumb","itemListElement":[{"@type":"ListItem","position":1,"name":"Portada","item":"https:\/\/vendemivivienda.com\/sv\/home\/"},{"@type":"ListItem","position":2,"name":"F\u00f6rdelar med att k\u00f6pa bostad i Torrevieja och Alicante \u2013 d\u00e4rf\u00f6r \u00e4r det ett smart val"}]},{"@type":"WebSite","@id":"https:\/\/vendemivivienda.com\/sv\/#website","url":"https:\/\/vendemivivienda.com\/sv\/","name":"VENDE MI VIVIENDA","description":"Vende casa o piso r\u00e1pidamente","potentialAction":[{"@type":"SearchAction","target":{"@type":"EntryPoint","urlTemplate":"https:\/\/vendemivivienda.com\/sv\/?s={search_term_string}"},"query-input":{"@type":"PropertyValueSpecification","valueRequired":true,"valueName":"search_term_string"}}],"inLanguage":"sv-SE"},{"@type":"Person","@id":"https:\/\/vendemivivienda.com\/sv\/#\/schema\/person\/96615255e71cb288f92260e95893782d","name":"admin","image":{"@type":"ImageObject","inLanguage":"sv-SE","@id":"https:\/\/secure.gravatar.com\/avatar\/5a3b6d5d7f4dc831c0198f4807abba26cc207ec06c71d16cb7656ecd464c5068?s=96&d=mm&r=g","url":"https:\/\/secure.gravatar.com\/avatar\/5a3b6d5d7f4dc831c0198f4807abba26cc207ec06c71d16cb7656ecd464c5068?s=96&d=mm&r=g","contentUrl":"https:\/\/secure.gravatar.com\/avatar\/5a3b6d5d7f4dc831c0198f4807abba26cc207ec06c71d16cb7656ecd464c5068?s=96&d=mm&r=g","caption":"admin"},"sameAs":["https:\/\/vendemivivienda.com"]}]}},"_links":{"self":[{"href":"https:\/\/vendemivivienda.com\/sv\/wp-json\/wp\/v2\/posts\/3904","targetHints":{"allow":["GET"]}}],"collection":[{"href":"https:\/\/vendemivivienda.com\/sv\/wp-json\/wp\/v2\/posts"}],"about":[{"href":"https:\/\/vendemivivienda.com\/sv\/wp-json\/wp\/v2\/types\/post"}],"author":[{"embeddable":true,"href":"https:\/\/vendemivivienda.com\/sv\/wp-json\/wp\/v2\/users\/1"}],"replies":[{"embeddable":true,"href":"https:\/\/vendemivivienda.com\/sv\/wp-json\/wp\/v2\/comments?post=3904"}],"version-history":[{"count":3,"href":"https:\/\/vendemivivienda.com\/sv\/wp-json\/wp\/v2\/posts\/3904\/revisions"}],"predecessor-version":[{"id":3915,"href":"https:\/\/vendemivivienda.com\/sv\/wp-json\/wp\/v2\/posts\/3904\/revisions\/3915"}],"wp:featuredmedia":[{"embeddable":true,"href":"https:\/\/vendemivivienda.com\/sv\/wp-json\/wp\/v2\/media\/3901"}],"wp:attachment":[{"href":"https:\/\/vendemivivienda.com\/sv\/wp-json\/wp\/v2\/media?parent=3904"}],"wp:term":[{"taxonomy":"category","embeddable":true,"href":"https:\/\/vendemivivienda.com\/sv\/wp-json\/wp\/v2\/categories?post=3904"},{"taxonomy":"post_tag","embeddable":true,"href":"https:\/\/vendemivivienda.com\/sv\/wp-json\/wp\/v2\/tags?post=3904"}],"curies":[{"name":"wp","href":"https:\/\/api.w.org\/{rel}","templated":true}]}}