{"id":3891,"date":"2025-07-20T12:00:22","date_gmt":"2025-07-20T12:00:22","guid":{"rendered":"https:\/\/vendemivivienda.com\/?p=3891"},"modified":"2026-04-24T19:55:33","modified_gmt":"2026-04-24T19:55:33","slug":"salja-bostad-pa-costa-blanca-darfor-ar-det-ratt-lage-just-nu","status":"publish","type":"post","link":"https:\/\/vendemivivienda.com\/sv\/salja-bostad-pa-costa-blanca-darfor-ar-det-ratt-lage-just-nu\/","title":{"rendered":"S\u00e4lja bostad p\u00e5 Costa Blanca \u2013 d\u00e4rf\u00f6r \u00e4r det r\u00e4tt l\u00e4ge just nu!"},"content":{"rendered":"\n<style type=\"text\/css\" data-created_by=\"avia_inline_auto\" id=\"style-css-av-li8xm9k3-6334765b0d9d16f21707de9de9fecc62\">\n#top .av-special-heading.av-li8xm9k3-6334765b0d9d16f21707de9de9fecc62{\npadding-bottom:10px;\n}\nbody .av-special-heading.av-li8xm9k3-6334765b0d9d16f21707de9de9fecc62 .av-special-heading-tag .heading-char{\nfont-size:25px;\n}\n.av-special-heading.av-li8xm9k3-6334765b0d9d16f21707de9de9fecc62 .av-subheading{\nfont-size:15px;\n}\n<\/style>\n<div  class='av-special-heading av-li8xm9k3-6334765b0d9d16f21707de9de9fecc62 av-special-heading-h1 blockquote modern-quote modern-centered  avia-builder-el-0  el_before_av_hr  avia-builder-el-first '><h1 class='av-special-heading-tag '  itemprop=\"headline\"  >S\u00e4lja bostad p\u00e5 Costa Blanca \u2013 d\u00e4rf\u00f6r \u00e4r det r\u00e4tt l\u00e4ge just nu!<\/h1><div class=\"special-heading-border\"><div class=\"special-heading-inner-border\"><\/div><\/div><\/div>\n\n<style type=\"text\/css\" data-created_by=\"avia_inline_auto\" id=\"style-css-av-li8y5clf-324f700044d7c75377af737c857a329a\">\n#top .hr.hr-invisible.av-li8y5clf-324f700044d7c75377af737c857a329a{\nheight:30px;\n}\n<\/style>\n<div  class='hr av-li8y5clf-324f700044d7c75377af737c857a329a hr-invisible  avia-builder-el-1  el_after_av_heading  el_before_av_image '><span class='hr-inner '><span class=\"hr-inner-style\"><\/span><\/span><\/div>\n\n<style type=\"text\/css\" data-created_by=\"avia_inline_auto\" id=\"style-css-av-1mqkc-59846e38595d1f26eb5eda835dda04d0\">\n.avia-image-container.av-1mqkc-59846e38595d1f26eb5eda835dda04d0 img.avia_image{\nbox-shadow:none;\n}\n.avia-image-container.av-1mqkc-59846e38595d1f26eb5eda835dda04d0 .av-image-caption-overlay-center{\ncolor:#ffffff;\n}\n<\/style>\n<div  class='avia-image-container av-1mqkc-59846e38595d1f26eb5eda835dda04d0 av-styling- avia-align-center  avia-builder-el-2  el_after_av_hr  el_before_av_hr '   itemprop=\"image\" itemscope=\"itemscope\" itemtype=\"https:\/\/schema.org\/ImageObject\" ><div class=\"avia-image-container-inner\"><div class=\"avia-image-overlay-wrap\"><img decoding=\"async\" fetchpriority=\"high\" class='wp-image-3890 avia-img-lazy-loading-not-3890 avia_image ' src=\"https:\/\/vendemivivienda.com\/wp-content\/uploads\/2025\/08\/articulo_torrevieja-1030x483.jpg\" alt='' title='Torrevieja'  height=\"483\" width=\"1030\"  itemprop=\"thumbnailUrl\" srcset=\"https:\/\/vendemivivienda.com\/wp-content\/uploads\/2025\/08\/articulo_torrevieja-1030x483.jpg 1030w, https:\/\/vendemivivienda.com\/wp-content\/uploads\/2025\/08\/articulo_torrevieja-300x141.jpg 300w, https:\/\/vendemivivienda.com\/wp-content\/uploads\/2025\/08\/articulo_torrevieja-768x360.jpg 768w, https:\/\/vendemivivienda.com\/wp-content\/uploads\/2025\/08\/articulo_torrevieja-1536x720.jpg 1536w, https:\/\/vendemivivienda.com\/wp-content\/uploads\/2025\/08\/articulo_torrevieja-1500x703.jpg 1500w, https:\/\/vendemivivienda.com\/wp-content\/uploads\/2025\/08\/articulo_torrevieja-705x330.jpg 705w, https:\/\/vendemivivienda.com\/wp-content\/uploads\/2025\/08\/articulo_torrevieja.jpg 1920w\" sizes=\"(max-width: 1030px) 100vw, 1030px\" \/><\/div><\/div><\/div>\n<div  class='hr av-tky8-383e348cb157b5217183e5a0fdeb12fb hr-default  avia-builder-el-3  el_after_av_image  el_before_av_textblock '><span class='hr-inner '><span class=\"hr-inner-style\"><\/span><\/span><\/div>\n<section  class='av_textblock_section av-li8xroq7-fff4a7e5ac7dd2f7fca8663ffd222ab1 '   itemscope=\"itemscope\" itemtype=\"https:\/\/schema.org\/BlogPosting\" itemprop=\"blogPost\" ><div class='avia_textblock'  itemprop=\"text\" ><p><span lang=\"sv-SE\">\u00c4ger du en bostad p\u00e5 Costa Blanca? D\u00e5 sitter du i en v\u00e4ldigt bra sits. Efterfr\u00e5gan \u00f6kar, priserna stiger \u2013 och med r\u00e4tt m\u00e4klare i Alicante och Torrevieja kan du s\u00e4lja snabbt och till ett riktigt bra pris.<\/span><\/p>\n<p><span lang=\"sv-SE\">H\u00e4r \u00e4r varf\u00f6r just nu \u00e4r ett perfekt tillf\u00e4lle att s\u00e4lja.<\/span><\/p>\n<p><span lang=\"sv-SE\"><b>1. Stark efterfr\u00e5gan driver upp priserna<\/b><\/span><\/p>\n<p><span lang=\"sv-SE\">Costa Blanca \u00e4r en av Spaniens mest attraktiva regioner, och intresset forts\u00e4tter att v\u00e4xa.<\/span><\/p>\n<p><span lang=\"sv-SE\">I omr\u00e5den som Alicante, Benidorm och Torrevieja:<\/span><\/p>\n<ul>\n<li>\u00f6kar priserna stadigt<\/li>\n<li><span lang=\"sv-SE\">konkurrerar fler k\u00f6pare om samma objekt<\/span><\/li>\n<li>s\u00e4ljs bost\u00e4der snabbare<\/li>\n<\/ul>\n<p><span lang=\"sv-SE\">Det skapar ett starkt l\u00e4ge f\u00f6r dig som s\u00e4ljare.<\/span><\/p>\n<p><span lang=\"sv-SE\"><b>2. Internationella k\u00f6pare h\u00e5ller marknaden levande<\/b><\/span><\/p>\n<p><span lang=\"sv-SE\">Det \u00e4r inte bara turister som k\u00f6per bostad h\u00e4r. Spanjorerna sj\u00e4lva kontaktar oss dagligen f\u00f6r att k\u00f6pa och s\u00e4lja. Att v\u00e5ra m\u00e4klare talar utm\u00e4rkt spanska och svenska \u00e4r givetvis en f\u00f6rdel n\u00e4r du ska s\u00e4lja. <\/span><\/p>\n<p>M\u00e5nga s\u00f6ker:<\/p>\n<ul>\n<li>permanent boende<\/li>\n<li>semesterbost\u00e4der<\/li>\n<li>investeringsm\u00f6jligheter<\/li>\n<\/ul>\n<p><span lang=\"sv-SE\">Resultatet \u00e4r en stabil efterfr\u00e5gan \u00e5ret runt \u2013 inte bara under h\u00f6gs\u00e4song.<\/span><\/p>\n<p><span lang=\"sv-SE\"><b>3. R\u00e4tt strategi avg\u00f6r om du maximerar din f\u00f6rs\u00e4ljning<\/b><\/span><\/p>\n<p><span lang=\"sv-SE\">Trots h\u00f6g efterfr\u00e5gan \u00e4r marknaden konkurrensutsatt.<\/span><\/p>\n<p>Skillnaden mellan:<\/p>\n<ul>\n<li>en snabb och l\u00f6nsam aff\u00e4r<\/li>\n<li><span lang=\"sv-SE\">och en bostad som blir liggande<\/span><\/li>\n<\/ul>\n<p>\u2026 handlar ofta om:<\/p>\n<ul>\n<li>r\u00e4tt priss\u00e4ttning<\/li>\n<li>r\u00e4tt presentation<\/li>\n<li>r\u00e4tt m\u00e4klare<\/li>\n<\/ul>\n<p><span lang=\"sv-SE\">En erfaren m\u00e4klare i Alicante och Torrevieja ser till att du f\u00e5r ut maximalt av din f\u00f6rs\u00e4ljning.<\/span><\/p>\n<p><span lang=\"sv-SE\"><b>4. Maximal exponering ger fler och b\u00e4ttre bud<\/b><\/span><\/p>\n<p><span lang=\"sv-SE\">F\u00f6r att n\u00e5 r\u00e4tt k\u00f6pare kr\u00e4vs mer \u00e4n en vanlig annons.<\/span><\/p>\n<p><span lang=\"sv-SE\">Med r\u00e4tt strategi f\u00e5r du:<\/span><\/p>\n<ul>\n<li>synlighet p\u00e5 ledande bostadsportaler<\/li>\n<li>annonsering i sociala medier<\/li>\n<li>exponering mot internationella k\u00f6pare<\/li>\n<\/ul>\n<p><span lang=\"sv-SE\">Fler spekulanter = b\u00e4ttre slutpris.<\/span><\/p>\n<p><span lang=\"sv-SE\"><b>5. En trygg och smidig f\u00f6rs\u00e4ljning hela v\u00e4gen<\/b><\/span><\/p>\n<p><span lang=\"sv-SE\">Att s\u00e4lja bostad i Spanien inneb\u00e4r juridiska och administrativa steg.<\/span><\/p>\n<p>Med r\u00e4tt st\u00f6d:<\/p>\n<ul>\n<li>undviker du misstag<\/li>\n<li>f\u00e5r du tydlig v\u00e4gledning<\/li>\n<li><span lang=\"sv-SE\">k\u00e4nner du dig trygg genom hela processen<\/span><\/li>\n<\/ul>\n<p><span lang=\"sv-SE\"><b>Vill du veta vad din bostad \u00e4r v\u00e4rd i Alicante eller Torrevieja?<\/b><\/span><\/p>\n<p><span lang=\"sv-SE\">Fyll i formul\u00e4ret och f\u00e5 en kostnadsfri v\u00e4rdering fr\u00e5n en lokal m\u00e4klare p\u00e5 Costa Blanca.<\/span><\/p>\n<p>&#x2714; <span lang=\"sv-SE\">Snabbt svar<br \/>\n<\/span><span style=\"font-family: Segoe UI Symbol, sans-serif;\"><span lang=\"sv-SE\">&#x2714;<\/span><\/span><span lang=\"sv-SE\"> Inga f<\/span><span style=\"font-family: Aptos, sans-serif;\"><span lang=\"sv-SE\">\u00f6<\/span><\/span><span lang=\"sv-SE\">rpliktelser<br \/>\n<\/span><span style=\"font-family: Segoe UI Symbol, sans-serif;\"><span lang=\"sv-SE\">&#x2714;<\/span><\/span><span lang=\"sv-SE\"> Anpassat efter marknaden just nu<\/span><\/p>\n<p><span lang=\"sv-SE\">Vi arbetar som m\u00e4klare i Alicante och Torrevieja och vet exakt hur man positionerar bost\u00e4der f\u00f6r att s\u00e4ljas snabbt och till b\u00e4sta m\u00f6jliga pris.<\/span><\/p>\n<p><span lang=\"sv-SE\">Med r\u00e4tt strategi, stark marknadsf\u00f6ring och ett brett n\u00e4tverk av k\u00f6pare ser vi till att du f\u00e5r en trygg och framg\u00e5ngsrik aff\u00e4r.<\/span><\/p>\n<\/div><\/section>\n","protected":false},"excerpt":{"rendered":"<p>\u00c4ger du en bostad p\u00e5 Costa Blanca? D\u00e5 sitter du i en v\u00e4ldigt bra sits. Efterfr\u00e5gan \u00f6kar, priserna stiger \u2013 och med r\u00e4tt m\u00e4klare i Alicante och Torrevieja kan du s\u00e4lja snabbt och till ett riktigt bra pris.<\/p>\n<p>H\u00e4r \u00e4r varf\u00f6r just nu \u00e4r ett perfekt tillf\u00e4lle att s\u00e4lja.<\/p>\n","protected":false},"author":1,"featured_media":3890,"comment_status":"open","ping_status":"open","sticky":false,"template":"","format":"standard","meta":{"_acf_changed":false,"footnotes":""},"categories":[225],"tags":[],"class_list":["post-3891","post","type-post","status-publish","format-standard","has-post-thumbnail","hentry","category-okategoriserad"],"acf":[],"yoast_head":"<!-- This site is optimized with the Yoast SEO plugin v27.4 - https:\/\/yoast.com\/product\/yoast-seo-wordpress\/ -->\n<title>S\u00e4lja bostad p\u00e5 Costa Blanca \u2013 d\u00e4rf\u00f6r \u00e4r det r\u00e4tt l\u00e4ge just nu! - VENDE MI VIVIENDA<\/title>\n<meta name=\"robots\" content=\"index, follow, max-snippet:-1, max-image-preview:large, max-video-preview:-1\" \/>\n<link rel=\"canonical\" href=\"https:\/\/vendemivivienda.com\/sv\/salja-bostad-pa-costa-blanca-darfor-ar-det-ratt-lage-just-nu\/\" \/>\n<meta property=\"og:locale\" content=\"sv_SE\" \/>\n<meta property=\"og:type\" content=\"article\" \/>\n<meta property=\"og:title\" content=\"S\u00e4lja bostad p\u00e5 Costa Blanca \u2013 d\u00e4rf\u00f6r \u00e4r det r\u00e4tt l\u00e4ge just nu! - VENDE MI VIVIENDA\" \/>\n<meta property=\"og:description\" content=\"\u00c4ger du en bostad p\u00e5 Costa Blanca? D\u00e5 sitter du i en v\u00e4ldigt bra sits. Efterfr\u00e5gan \u00f6kar, priserna stiger \u2013 och med r\u00e4tt m\u00e4klare i Alicante och Torrevieja kan du s\u00e4lja snabbt och till ett riktigt bra pris.  H\u00e4r \u00e4r varf\u00f6r just nu \u00e4r ett perfekt tillf\u00e4lle att s\u00e4lja.\" \/>\n<meta property=\"og:url\" content=\"https:\/\/vendemivivienda.com\/sv\/salja-bostad-pa-costa-blanca-darfor-ar-det-ratt-lage-just-nu\/\" \/>\n<meta property=\"og:site_name\" content=\"VENDE MI VIVIENDA\" \/>\n<meta property=\"article:published_time\" content=\"2025-07-20T12:00:22+00:00\" \/>\n<meta property=\"article:modified_time\" content=\"2026-04-24T19:55:33+00:00\" \/>\n<meta property=\"og:image\" content=\"https:\/\/vendemivivienda.com\/wp-content\/uploads\/2025\/08\/articulo_torrevieja.jpg\" \/>\n\t<meta property=\"og:image:width\" content=\"1920\" \/>\n\t<meta property=\"og:image:height\" content=\"900\" \/>\n\t<meta property=\"og:image:type\" content=\"image\/jpeg\" \/>\n<meta name=\"author\" content=\"admin\" \/>\n<meta name=\"twitter:card\" content=\"summary_large_image\" \/>\n<meta name=\"twitter:label1\" content=\"Skriven av\" \/>\n\t<meta name=\"twitter:data1\" content=\"admin\" \/>\n\t<meta name=\"twitter:label2\" content=\"Ber\u00e4knad l\u00e4stid\" \/>\n\t<meta name=\"twitter:data2\" content=\"2 minuter\" \/>\n<script type=\"application\/ld+json\" class=\"yoast-schema-graph\">{\"@context\":\"https:\\\/\\\/schema.org\",\"@graph\":[{\"@type\":\"Article\",\"@id\":\"https:\\\/\\\/vendemivivienda.com\\\/sv\\\/salja-bostad-pa-costa-blanca-darfor-ar-det-ratt-lage-just-nu\\\/#article\",\"isPartOf\":{\"@id\":\"https:\\\/\\\/vendemivivienda.com\\\/sv\\\/salja-bostad-pa-costa-blanca-darfor-ar-det-ratt-lage-just-nu\\\/\"},\"author\":{\"name\":\"admin\",\"@id\":\"https:\\\/\\\/vendemivivienda.com\\\/sv\\\/#\\\/schema\\\/person\\\/96615255e71cb288f92260e95893782d\"},\"headline\":\"S\u00e4lja bostad p\u00e5 Costa Blanca \u2013 d\u00e4rf\u00f6r \u00e4r det r\u00e4tt l\u00e4ge just nu!\",\"datePublished\":\"2025-07-20T12:00:22+00:00\",\"dateModified\":\"2026-04-24T19:55:33+00:00\",\"mainEntityOfPage\":{\"@id\":\"https:\\\/\\\/vendemivivienda.com\\\/sv\\\/salja-bostad-pa-costa-blanca-darfor-ar-det-ratt-lage-just-nu\\\/\"},\"wordCount\":1367,\"commentCount\":0,\"image\":{\"@id\":\"https:\\\/\\\/vendemivivienda.com\\\/sv\\\/salja-bostad-pa-costa-blanca-darfor-ar-det-ratt-lage-just-nu\\\/#primaryimage\"},\"thumbnailUrl\":\"https:\\\/\\\/vendemivivienda.com\\\/wp-content\\\/uploads\\\/2025\\\/08\\\/articulo_torrevieja.jpg\",\"articleSection\":[\"Okategoriserad\"],\"inLanguage\":\"sv-SE\",\"potentialAction\":[{\"@type\":\"CommentAction\",\"name\":\"Comment\",\"target\":[\"https:\\\/\\\/vendemivivienda.com\\\/sv\\\/salja-bostad-pa-costa-blanca-darfor-ar-det-ratt-lage-just-nu\\\/#respond\"]}]},{\"@type\":\"WebPage\",\"@id\":\"https:\\\/\\\/vendemivivienda.com\\\/sv\\\/salja-bostad-pa-costa-blanca-darfor-ar-det-ratt-lage-just-nu\\\/\",\"url\":\"https:\\\/\\\/vendemivivienda.com\\\/sv\\\/salja-bostad-pa-costa-blanca-darfor-ar-det-ratt-lage-just-nu\\\/\",\"name\":\"S\u00e4lja bostad p\u00e5 Costa Blanca \u2013 d\u00e4rf\u00f6r \u00e4r det r\u00e4tt l\u00e4ge just nu! - VENDE MI VIVIENDA\",\"isPartOf\":{\"@id\":\"https:\\\/\\\/vendemivivienda.com\\\/sv\\\/#website\"},\"primaryImageOfPage\":{\"@id\":\"https:\\\/\\\/vendemivivienda.com\\\/sv\\\/salja-bostad-pa-costa-blanca-darfor-ar-det-ratt-lage-just-nu\\\/#primaryimage\"},\"image\":{\"@id\":\"https:\\\/\\\/vendemivivienda.com\\\/sv\\\/salja-bostad-pa-costa-blanca-darfor-ar-det-ratt-lage-just-nu\\\/#primaryimage\"},\"thumbnailUrl\":\"https:\\\/\\\/vendemivivienda.com\\\/wp-content\\\/uploads\\\/2025\\\/08\\\/articulo_torrevieja.jpg\",\"datePublished\":\"2025-07-20T12:00:22+00:00\",\"dateModified\":\"2026-04-24T19:55:33+00:00\",\"author\":{\"@id\":\"https:\\\/\\\/vendemivivienda.com\\\/sv\\\/#\\\/schema\\\/person\\\/96615255e71cb288f92260e95893782d\"},\"breadcrumb\":{\"@id\":\"https:\\\/\\\/vendemivivienda.com\\\/sv\\\/salja-bostad-pa-costa-blanca-darfor-ar-det-ratt-lage-just-nu\\\/#breadcrumb\"},\"inLanguage\":\"sv-SE\",\"potentialAction\":[{\"@type\":\"ReadAction\",\"target\":[\"https:\\\/\\\/vendemivivienda.com\\\/sv\\\/salja-bostad-pa-costa-blanca-darfor-ar-det-ratt-lage-just-nu\\\/\"]}]},{\"@type\":\"ImageObject\",\"inLanguage\":\"sv-SE\",\"@id\":\"https:\\\/\\\/vendemivivienda.com\\\/sv\\\/salja-bostad-pa-costa-blanca-darfor-ar-det-ratt-lage-just-nu\\\/#primaryimage\",\"url\":\"https:\\\/\\\/vendemivivienda.com\\\/wp-content\\\/uploads\\\/2025\\\/08\\\/articulo_torrevieja.jpg\",\"contentUrl\":\"https:\\\/\\\/vendemivivienda.com\\\/wp-content\\\/uploads\\\/2025\\\/08\\\/articulo_torrevieja.jpg\",\"width\":1920,\"height\":900},{\"@type\":\"BreadcrumbList\",\"@id\":\"https:\\\/\\\/vendemivivienda.com\\\/sv\\\/salja-bostad-pa-costa-blanca-darfor-ar-det-ratt-lage-just-nu\\\/#breadcrumb\",\"itemListElement\":[{\"@type\":\"ListItem\",\"position\":1,\"name\":\"Portada\",\"item\":\"https:\\\/\\\/vendemivivienda.com\\\/sv\\\/home\\\/\"},{\"@type\":\"ListItem\",\"position\":2,\"name\":\"S\u00e4lja bostad p\u00e5 Costa Blanca \u2013 d\u00e4rf\u00f6r \u00e4r det r\u00e4tt l\u00e4ge just nu!\"}]},{\"@type\":\"WebSite\",\"@id\":\"https:\\\/\\\/vendemivivienda.com\\\/sv\\\/#website\",\"url\":\"https:\\\/\\\/vendemivivienda.com\\\/sv\\\/\",\"name\":\"VENDE MI VIVIENDA\",\"description\":\"Vende casa o piso r\u00e1pidamente\",\"potentialAction\":[{\"@type\":\"SearchAction\",\"target\":{\"@type\":\"EntryPoint\",\"urlTemplate\":\"https:\\\/\\\/vendemivivienda.com\\\/sv\\\/?s={search_term_string}\"},\"query-input\":{\"@type\":\"PropertyValueSpecification\",\"valueRequired\":true,\"valueName\":\"search_term_string\"}}],\"inLanguage\":\"sv-SE\"},{\"@type\":\"Person\",\"@id\":\"https:\\\/\\\/vendemivivienda.com\\\/sv\\\/#\\\/schema\\\/person\\\/96615255e71cb288f92260e95893782d\",\"name\":\"admin\",\"image\":{\"@type\":\"ImageObject\",\"inLanguage\":\"sv-SE\",\"@id\":\"https:\\\/\\\/secure.gravatar.com\\\/avatar\\\/5a3b6d5d7f4dc831c0198f4807abba26cc207ec06c71d16cb7656ecd464c5068?s=96&d=mm&r=g\",\"url\":\"https:\\\/\\\/secure.gravatar.com\\\/avatar\\\/5a3b6d5d7f4dc831c0198f4807abba26cc207ec06c71d16cb7656ecd464c5068?s=96&d=mm&r=g\",\"contentUrl\":\"https:\\\/\\\/secure.gravatar.com\\\/avatar\\\/5a3b6d5d7f4dc831c0198f4807abba26cc207ec06c71d16cb7656ecd464c5068?s=96&d=mm&r=g\",\"caption\":\"admin\"},\"sameAs\":[\"https:\\\/\\\/vendemivivienda.com\"]}]}<\/script>\n<!-- \/ Yoast SEO plugin. -->","yoast_head_json":{"title":"S\u00e4lja bostad p\u00e5 Costa Blanca \u2013 d\u00e4rf\u00f6r \u00e4r det r\u00e4tt l\u00e4ge just nu! - VENDE MI VIVIENDA","robots":{"index":"index","follow":"follow","max-snippet":"max-snippet:-1","max-image-preview":"max-image-preview:large","max-video-preview":"max-video-preview:-1"},"canonical":"https:\/\/vendemivivienda.com\/sv\/salja-bostad-pa-costa-blanca-darfor-ar-det-ratt-lage-just-nu\/","og_locale":"sv_SE","og_type":"article","og_title":"S\u00e4lja bostad p\u00e5 Costa Blanca \u2013 d\u00e4rf\u00f6r \u00e4r det r\u00e4tt l\u00e4ge just nu! - VENDE MI VIVIENDA","og_description":"\u00c4ger du en bostad p\u00e5 Costa Blanca? D\u00e5 sitter du i en v\u00e4ldigt bra sits. Efterfr\u00e5gan \u00f6kar, priserna stiger \u2013 och med r\u00e4tt m\u00e4klare i Alicante och Torrevieja kan du s\u00e4lja snabbt och till ett riktigt bra pris.  H\u00e4r \u00e4r varf\u00f6r just nu \u00e4r ett perfekt tillf\u00e4lle att s\u00e4lja.","og_url":"https:\/\/vendemivivienda.com\/sv\/salja-bostad-pa-costa-blanca-darfor-ar-det-ratt-lage-just-nu\/","og_site_name":"VENDE MI VIVIENDA","article_published_time":"2025-07-20T12:00:22+00:00","article_modified_time":"2026-04-24T19:55:33+00:00","og_image":[{"width":1920,"height":900,"url":"https:\/\/vendemivivienda.com\/wp-content\/uploads\/2025\/08\/articulo_torrevieja.jpg","type":"image\/jpeg"}],"author":"admin","twitter_card":"summary_large_image","twitter_misc":{"Skriven av":"admin","Ber\u00e4knad l\u00e4stid":"2 minuter"},"schema":{"@context":"https:\/\/schema.org","@graph":[{"@type":"Article","@id":"https:\/\/vendemivivienda.com\/sv\/salja-bostad-pa-costa-blanca-darfor-ar-det-ratt-lage-just-nu\/#article","isPartOf":{"@id":"https:\/\/vendemivivienda.com\/sv\/salja-bostad-pa-costa-blanca-darfor-ar-det-ratt-lage-just-nu\/"},"author":{"name":"admin","@id":"https:\/\/vendemivivienda.com\/sv\/#\/schema\/person\/96615255e71cb288f92260e95893782d"},"headline":"S\u00e4lja bostad p\u00e5 Costa Blanca \u2013 d\u00e4rf\u00f6r \u00e4r det r\u00e4tt l\u00e4ge just nu!","datePublished":"2025-07-20T12:00:22+00:00","dateModified":"2026-04-24T19:55:33+00:00","mainEntityOfPage":{"@id":"https:\/\/vendemivivienda.com\/sv\/salja-bostad-pa-costa-blanca-darfor-ar-det-ratt-lage-just-nu\/"},"wordCount":1367,"commentCount":0,"image":{"@id":"https:\/\/vendemivivienda.com\/sv\/salja-bostad-pa-costa-blanca-darfor-ar-det-ratt-lage-just-nu\/#primaryimage"},"thumbnailUrl":"https:\/\/vendemivivienda.com\/wp-content\/uploads\/2025\/08\/articulo_torrevieja.jpg","articleSection":["Okategoriserad"],"inLanguage":"sv-SE","potentialAction":[{"@type":"CommentAction","name":"Comment","target":["https:\/\/vendemivivienda.com\/sv\/salja-bostad-pa-costa-blanca-darfor-ar-det-ratt-lage-just-nu\/#respond"]}]},{"@type":"WebPage","@id":"https:\/\/vendemivivienda.com\/sv\/salja-bostad-pa-costa-blanca-darfor-ar-det-ratt-lage-just-nu\/","url":"https:\/\/vendemivivienda.com\/sv\/salja-bostad-pa-costa-blanca-darfor-ar-det-ratt-lage-just-nu\/","name":"S\u00e4lja bostad p\u00e5 Costa Blanca \u2013 d\u00e4rf\u00f6r \u00e4r det r\u00e4tt l\u00e4ge just nu! - VENDE MI VIVIENDA","isPartOf":{"@id":"https:\/\/vendemivivienda.com\/sv\/#website"},"primaryImageOfPage":{"@id":"https:\/\/vendemivivienda.com\/sv\/salja-bostad-pa-costa-blanca-darfor-ar-det-ratt-lage-just-nu\/#primaryimage"},"image":{"@id":"https:\/\/vendemivivienda.com\/sv\/salja-bostad-pa-costa-blanca-darfor-ar-det-ratt-lage-just-nu\/#primaryimage"},"thumbnailUrl":"https:\/\/vendemivivienda.com\/wp-content\/uploads\/2025\/08\/articulo_torrevieja.jpg","datePublished":"2025-07-20T12:00:22+00:00","dateModified":"2026-04-24T19:55:33+00:00","author":{"@id":"https:\/\/vendemivivienda.com\/sv\/#\/schema\/person\/96615255e71cb288f92260e95893782d"},"breadcrumb":{"@id":"https:\/\/vendemivivienda.com\/sv\/salja-bostad-pa-costa-blanca-darfor-ar-det-ratt-lage-just-nu\/#breadcrumb"},"inLanguage":"sv-SE","potentialAction":[{"@type":"ReadAction","target":["https:\/\/vendemivivienda.com\/sv\/salja-bostad-pa-costa-blanca-darfor-ar-det-ratt-lage-just-nu\/"]}]},{"@type":"ImageObject","inLanguage":"sv-SE","@id":"https:\/\/vendemivivienda.com\/sv\/salja-bostad-pa-costa-blanca-darfor-ar-det-ratt-lage-just-nu\/#primaryimage","url":"https:\/\/vendemivivienda.com\/wp-content\/uploads\/2025\/08\/articulo_torrevieja.jpg","contentUrl":"https:\/\/vendemivivienda.com\/wp-content\/uploads\/2025\/08\/articulo_torrevieja.jpg","width":1920,"height":900},{"@type":"BreadcrumbList","@id":"https:\/\/vendemivivienda.com\/sv\/salja-bostad-pa-costa-blanca-darfor-ar-det-ratt-lage-just-nu\/#breadcrumb","itemListElement":[{"@type":"ListItem","position":1,"name":"Portada","item":"https:\/\/vendemivivienda.com\/sv\/home\/"},{"@type":"ListItem","position":2,"name":"S\u00e4lja bostad p\u00e5 Costa Blanca \u2013 d\u00e4rf\u00f6r \u00e4r det r\u00e4tt l\u00e4ge just nu!"}]},{"@type":"WebSite","@id":"https:\/\/vendemivivienda.com\/sv\/#website","url":"https:\/\/vendemivivienda.com\/sv\/","name":"VENDE MI VIVIENDA","description":"Vende casa o piso r\u00e1pidamente","potentialAction":[{"@type":"SearchAction","target":{"@type":"EntryPoint","urlTemplate":"https:\/\/vendemivivienda.com\/sv\/?s={search_term_string}"},"query-input":{"@type":"PropertyValueSpecification","valueRequired":true,"valueName":"search_term_string"}}],"inLanguage":"sv-SE"},{"@type":"Person","@id":"https:\/\/vendemivivienda.com\/sv\/#\/schema\/person\/96615255e71cb288f92260e95893782d","name":"admin","image":{"@type":"ImageObject","inLanguage":"sv-SE","@id":"https:\/\/secure.gravatar.com\/avatar\/5a3b6d5d7f4dc831c0198f4807abba26cc207ec06c71d16cb7656ecd464c5068?s=96&d=mm&r=g","url":"https:\/\/secure.gravatar.com\/avatar\/5a3b6d5d7f4dc831c0198f4807abba26cc207ec06c71d16cb7656ecd464c5068?s=96&d=mm&r=g","contentUrl":"https:\/\/secure.gravatar.com\/avatar\/5a3b6d5d7f4dc831c0198f4807abba26cc207ec06c71d16cb7656ecd464c5068?s=96&d=mm&r=g","caption":"admin"},"sameAs":["https:\/\/vendemivivienda.com"]}]}},"_links":{"self":[{"href":"https:\/\/vendemivivienda.com\/sv\/wp-json\/wp\/v2\/posts\/3891","targetHints":{"allow":["GET"]}}],"collection":[{"href":"https:\/\/vendemivivienda.com\/sv\/wp-json\/wp\/v2\/posts"}],"about":[{"href":"https:\/\/vendemivivienda.com\/sv\/wp-json\/wp\/v2\/types\/post"}],"author":[{"embeddable":true,"href":"https:\/\/vendemivivienda.com\/sv\/wp-json\/wp\/v2\/users\/1"}],"replies":[{"embeddable":true,"href":"https:\/\/vendemivivienda.com\/sv\/wp-json\/wp\/v2\/comments?post=3891"}],"version-history":[{"count":3,"href":"https:\/\/vendemivivienda.com\/sv\/wp-json\/wp\/v2\/posts\/3891\/revisions"}],"predecessor-version":[{"id":3912,"href":"https:\/\/vendemivivienda.com\/sv\/wp-json\/wp\/v2\/posts\/3891\/revisions\/3912"}],"wp:featuredmedia":[{"embeddable":true,"href":"https:\/\/vendemivivienda.com\/sv\/wp-json\/wp\/v2\/media\/3890"}],"wp:attachment":[{"href":"https:\/\/vendemivivienda.com\/sv\/wp-json\/wp\/v2\/media?parent=3891"}],"wp:term":[{"taxonomy":"category","embeddable":true,"href":"https:\/\/vendemivivienda.com\/sv\/wp-json\/wp\/v2\/categories?post=3891"},{"taxonomy":"post_tag","embeddable":true,"href":"https:\/\/vendemivivienda.com\/sv\/wp-json\/wp\/v2\/tags?post=3891"}],"curies":[{"name":"wp","href":"https:\/\/api.w.org\/{rel}","templated":true}]}}