{"id":3881,"date":"2025-07-27T12:00:21","date_gmt":"2025-07-27T12:00:21","guid":{"rendered":"https:\/\/vendemivivienda.com\/?p=3881"},"modified":"2026-04-24T19:55:04","modified_gmt":"2026-04-24T19:55:04","slug":"varfor-costa-blanca-ar-ett-av-spaniens-mest-efterfragade-omraden","status":"publish","type":"post","link":"https:\/\/vendemivivienda.com\/sv\/varfor-costa-blanca-ar-ett-av-spaniens-mest-efterfragade-omraden\/","title":{"rendered":"Varf\u00f6r Costa Blanca \u00e4r ett av Spaniens mest efterfr\u00e5gade omr\u00e5den?"},"content":{"rendered":"\n<style type=\"text\/css\" data-created_by=\"avia_inline_auto\" id=\"style-css-av-li8xm9k3-cb909e1e5f293fd75de2dbf0a75c8f76\">\n#top .av-special-heading.av-li8xm9k3-cb909e1e5f293fd75de2dbf0a75c8f76{\npadding-bottom:10px;\n}\nbody .av-special-heading.av-li8xm9k3-cb909e1e5f293fd75de2dbf0a75c8f76 .av-special-heading-tag .heading-char{\nfont-size:25px;\n}\n.av-special-heading.av-li8xm9k3-cb909e1e5f293fd75de2dbf0a75c8f76 .av-subheading{\nfont-size:15px;\n}\n<\/style>\n<div  class='av-special-heading av-li8xm9k3-cb909e1e5f293fd75de2dbf0a75c8f76 av-special-heading-h1 blockquote modern-quote modern-centered  avia-builder-el-0  el_before_av_hr  avia-builder-el-first '><h1 class='av-special-heading-tag '  itemprop=\"headline\"  >Varf\u00f6r Costa Blanca \u00e4r ett av Spaniens mest efterfr\u00e5gade omr\u00e5den? <\/h1><div class=\"special-heading-border\"><div class=\"special-heading-inner-border\"><\/div><\/div><\/div>\n\n<style type=\"text\/css\" data-created_by=\"avia_inline_auto\" id=\"style-css-av-li8y5clf-324f700044d7c75377af737c857a329a\">\n#top .hr.hr-invisible.av-li8y5clf-324f700044d7c75377af737c857a329a{\nheight:30px;\n}\n<\/style>\n<div  class='hr av-li8y5clf-324f700044d7c75377af737c857a329a hr-invisible  avia-builder-el-1  el_after_av_heading  el_before_av_image '><span class='hr-inner '><span class=\"hr-inner-style\"><\/span><\/span><\/div>\n\n<style type=\"text\/css\" data-created_by=\"avia_inline_auto\" id=\"style-css-av-1mqkc-d4b7744fdfe6d27ad27e602dd9d436f8\">\n.avia-image-container.av-1mqkc-d4b7744fdfe6d27ad27e602dd9d436f8 img.avia_image{\nbox-shadow:none;\n}\n.avia-image-container.av-1mqkc-d4b7744fdfe6d27ad27e602dd9d436f8 .av-image-caption-overlay-center{\ncolor:#ffffff;\n}\n<\/style>\n<div  class='avia-image-container av-1mqkc-d4b7744fdfe6d27ad27e602dd9d436f8 av-styling- avia-align-center  avia-builder-el-2  el_after_av_hr  el_before_av_hr '   itemprop=\"image\" itemscope=\"itemscope\" itemtype=\"https:\/\/schema.org\/ImageObject\" ><div class=\"avia-image-container-inner\"><div class=\"avia-image-overlay-wrap\"><img decoding=\"async\" fetchpriority=\"high\" class='wp-image-3880 avia-img-lazy-loading-not-3880 avia_image ' src=\"https:\/\/vendemivivienda.com\/wp-content\/uploads\/2025\/08\/articulo_javea-1030x483.jpg\" alt='' title='J\u00e1vea'  height=\"483\" width=\"1030\"  itemprop=\"thumbnailUrl\" srcset=\"https:\/\/vendemivivienda.com\/wp-content\/uploads\/2025\/08\/articulo_javea-1030x483.jpg 1030w, https:\/\/vendemivivienda.com\/wp-content\/uploads\/2025\/08\/articulo_javea-300x141.jpg 300w, https:\/\/vendemivivienda.com\/wp-content\/uploads\/2025\/08\/articulo_javea-768x360.jpg 768w, https:\/\/vendemivivienda.com\/wp-content\/uploads\/2025\/08\/articulo_javea-1536x720.jpg 1536w, https:\/\/vendemivivienda.com\/wp-content\/uploads\/2025\/08\/articulo_javea-1500x703.jpg 1500w, https:\/\/vendemivivienda.com\/wp-content\/uploads\/2025\/08\/articulo_javea-705x330.jpg 705w, https:\/\/vendemivivienda.com\/wp-content\/uploads\/2025\/08\/articulo_javea.jpg 1920w\" sizes=\"(max-width: 1030px) 100vw, 1030px\" \/><\/div><\/div><\/div>\n<div  class='hr av-tky8-383e348cb157b5217183e5a0fdeb12fb hr-default  avia-builder-el-3  el_after_av_image  el_before_av_textblock '><span class='hr-inner '><span class=\"hr-inner-style\"><\/span><\/span><\/div>\n<section  class='av_textblock_section av-li8xroq7-fff4a7e5ac7dd2f7fca8663ffd222ab1 '   itemscope=\"itemscope\" itemtype=\"https:\/\/schema.org\/BlogPosting\" itemprop=\"blogPost\" ><div class='avia_textblock'  itemprop=\"text\" ><p><span lang=\"sv-SE\">Costa Blanca \u00e4r mer \u00e4n bara sol och str\u00e4nder \u2013 det \u00e4r en av Spaniens mest attraktiva regioner f\u00f6r b\u00e5de boende och investering. Med r\u00e4tt m\u00e4klare i Alicante och Torrevieja kan du som s\u00e4ljare dra full nytta av den h\u00f6ga efterfr\u00e5gan och n\u00e5 r\u00e4tt k\u00f6pare snabbare.<br \/>\n<\/span><\/p>\n<p><span lang=\"sv-SE\"><b>1. \u00d6ver 300 soldagar \u2013 en livsstil som lockar k\u00f6pare<\/b><\/span><\/p>\n<p><span lang=\"sv-SE\">Costa Blanca erbjuder \u00f6ver 300 soldagar per \u00e5r och ett milt klimat \u00e5ret runt. Det g\u00f6r omr\u00e5det till ett sj\u00e4lvklart val f\u00f6r k\u00f6pare som s\u00f6ker livskvalitet, h\u00e4lsa och ett aktivt liv.<\/span><\/p>\n<p><span lang=\"sv-SE\">Resultat f\u00f6r dig som s\u00e4ljare:<\/span><\/p>\n<ul>\n<li>fler internationella spekulanter<\/li>\n<li>h\u00f6gre efterfr\u00e5gan<\/li>\n<li>snabbare f\u00f6rs\u00e4ljning<\/li>\n<\/ul>\n<p><span style=\"font-family: Segoe UI Emoji, sans-serif;\"><span lang=\"sv-SE\"><b><br \/>\n<\/b><\/span><\/span><span lang=\"sv-SE\"><b>2. St\u00e4der som Alicante och Torrevieja erbjuder allt<\/b><\/span><\/p>\n<p><span lang=\"sv-SE\">St\u00e4der som Alicante, Torrevieja, Pilar de la Horadada och Santa Pola kombinerar moderna bekv\u00e4mligheter med ett avslappnat liv vid havet.<\/span><\/p>\n<p>H\u00e4r finns:<\/p>\n<ul>\n<li>bra kommunikationer<\/li>\n<li>sjukhus och skolor<\/li>\n<li>restauranger och n\u00f6jesliv<\/li>\n<\/ul>\n<p><span lang=\"sv-SE\">Det g\u00f6r omr\u00e5det attraktivt b\u00e5de f\u00f6r permanentboende och semesterk\u00f6pare.<\/span><\/p>\n<p><span lang=\"sv-SE\"><b>3. Stor variation av bost\u00e4der<\/b><\/span><\/p>\n<p><span lang=\"sv-SE\">Utbudet p\u00e5 Costa Blanca \u00e4r brett \u2013 fr\u00e5n moderna l\u00e4genheter med havsutsikt till villor i lugna omr\u00e5den.<\/span><\/p>\n<p>Det inneb\u00e4r:<\/p>\n<ul>\n<li>fler typer av k\u00f6pare<\/li>\n<li>st\u00f6rre m\u00e5lgrupp<\/li>\n<li>b\u00e4ttre f\u00f6ruts\u00e4ttningar att s\u00e4lja<\/li>\n<\/ul>\n<p><span lang=\"sv-SE\">En erfaren m\u00e4klare i Alicante och Torrevieja hj\u00e4lper dig att positionera din bostad r\u00e4tt mot r\u00e4tt m\u00e5lgrupp.<\/span><\/p>\n<p><span lang=\"sv-SE\"><b>4. En trygg och l\u00f6nsam investering<\/b><\/span><\/p>\n<p><span lang=\"sv-SE\">Den h\u00f6ga efterfr\u00e5gan g\u00f6r Costa Blanca till en attraktiv marknad f\u00f6r investerare.<\/span><\/p>\n<p>M\u00e5nga k\u00f6pare ser:<\/p>\n<ul>\n<li>v\u00e4rde\u00f6kning \u00f6ver tid<\/li>\n<li>goda uthyrningsm\u00f6jligheter<\/li>\n<li>stabil efterfr\u00e5gan \u00e5ret runt<\/li>\n<\/ul>\n<p><span lang=\"sv-SE\">Detta driver upp intresset \u2013 och prisniv\u00e5erna.<\/span><\/p>\n<p><span lang=\"sv-SE\"><b>5. D\u00e4rf\u00f6r \u00e4r det r\u00e4tt l\u00e4ge att s\u00e4lja nu<\/b><\/span><\/p>\n<p><span lang=\"sv-SE\">F\u00f6r dig som \u00e4ger en bostad p\u00e5 Costa Blanca \u00e4r detta ett starkt l\u00e4ge att s\u00e4lja.<\/span><\/p>\n<p><span lang=\"sv-SE\">Men f\u00f6r att f\u00e5 ut maximalt v\u00e4rde kr\u00e4vs:<\/span><\/p>\n<ul>\n<li>r\u00e4tt priss\u00e4ttning<\/li>\n<li>r\u00e4tt exponering<\/li>\n<li>r\u00e4tt m\u00e4klare<\/li>\n<\/ul>\n<p><span lang=\"sv-SE\"><b>Vill du veta vad din bostad \u00e4r v\u00e4rd i Alicante eller Torrevieja?<\/b><\/span><\/p>\n<p><span lang=\"sv-SE\">F\u00e5 en kostnadsfri v\u00e4rdering fr\u00e5n en lokal m\u00e4klare p\u00e5 Costa Blanca.<\/span><\/p>\n<p>&#x2714; <span lang=\"sv-SE\">Snabbt svar<br \/>\n<\/span><span style=\"font-family: Segoe UI Symbol, sans-serif;\"><span lang=\"sv-SE\">&#x2714;<\/span><\/span><span lang=\"sv-SE\"> Inga f<\/span><span style=\"font-family: Aptos, sans-serif;\"><span lang=\"sv-SE\">\u00f6<\/span><\/span><span lang=\"sv-SE\">rpliktelser<br \/>\n<\/span><span style=\"font-family: Segoe UI Symbol, sans-serif;\"><span lang=\"sv-SE\">&#x2714;<\/span><\/span><span lang=\"sv-SE\"> Anpassat efter marknaden just nu<\/span><\/p>\n<p><span lang=\"sv-SE\">Vi arbetar dagligen som m\u00e4klare i Alicante och Torrevieja och har tillg\u00e5ng till ett brett n\u00e4tverk av kvalificerade k\u00f6pare \u2013 b\u00e5de lokalt och internationellt.<\/span><\/p>\n<p><span lang=\"sv-SE\">Med r\u00e4tt strategi och marknadsf\u00f6ring ser vi till att din bostad s\u00e4ljs snabbt och till b\u00e4sta m\u00f6jliga pris.<\/span><\/p>\n<\/div><\/section>\n","protected":false},"excerpt":{"rendered":"<p>Costa Blanca \u00e4r mer \u00e4n bara sol och str\u00e4nder \u2013 det \u00e4r en av Spaniens mest attraktiva regioner f\u00f6r b\u00e5de boende och investering. Med r\u00e4tt m\u00e4klare i Alicante och Torrevieja kan du som s\u00e4ljare dra full nytta av den h\u00f6ga efterfr\u00e5gan och n\u00e5 r\u00e4tt k\u00f6pare snabbare.<\/p>\n","protected":false},"author":1,"featured_media":3880,"comment_status":"open","ping_status":"open","sticky":false,"template":"","format":"standard","meta":{"_acf_changed":false,"footnotes":""},"categories":[225],"tags":[],"class_list":["post-3881","post","type-post","status-publish","format-standard","has-post-thumbnail","hentry","category-okategoriserad"],"acf":[],"yoast_head":"<!-- This site is optimized with the Yoast SEO plugin v27.4 - https:\/\/yoast.com\/product\/yoast-seo-wordpress\/ -->\n<title>Varf\u00f6r Costa Blanca \u00e4r ett av Spaniens mest efterfr\u00e5gade omr\u00e5den? - VENDE MI VIVIENDA<\/title>\n<meta name=\"robots\" content=\"index, follow, max-snippet:-1, max-image-preview:large, max-video-preview:-1\" \/>\n<link rel=\"canonical\" href=\"https:\/\/vendemivivienda.com\/sv\/varfor-costa-blanca-ar-ett-av-spaniens-mest-efterfragade-omraden\/\" \/>\n<meta property=\"og:locale\" content=\"sv_SE\" \/>\n<meta property=\"og:type\" content=\"article\" \/>\n<meta property=\"og:title\" content=\"Varf\u00f6r Costa Blanca \u00e4r ett av Spaniens mest efterfr\u00e5gade omr\u00e5den? - VENDE MI VIVIENDA\" \/>\n<meta property=\"og:description\" content=\"Costa Blanca \u00e4r mer \u00e4n bara sol och str\u00e4nder \u2013 det \u00e4r en av Spaniens mest attraktiva regioner f\u00f6r b\u00e5de boende och investering. Med r\u00e4tt m\u00e4klare i Alicante och Torrevieja kan du som s\u00e4ljare dra full nytta av den h\u00f6ga efterfr\u00e5gan och n\u00e5 r\u00e4tt k\u00f6pare snabbare.\" \/>\n<meta property=\"og:url\" content=\"https:\/\/vendemivivienda.com\/sv\/varfor-costa-blanca-ar-ett-av-spaniens-mest-efterfragade-omraden\/\" \/>\n<meta property=\"og:site_name\" content=\"VENDE MI VIVIENDA\" \/>\n<meta property=\"article:published_time\" content=\"2025-07-27T12:00:21+00:00\" \/>\n<meta property=\"article:modified_time\" content=\"2026-04-24T19:55:04+00:00\" \/>\n<meta property=\"og:image\" content=\"https:\/\/vendemivivienda.com\/wp-content\/uploads\/2025\/08\/articulo_javea.jpg\" \/>\n\t<meta property=\"og:image:width\" content=\"1920\" \/>\n\t<meta property=\"og:image:height\" content=\"900\" \/>\n\t<meta property=\"og:image:type\" content=\"image\/jpeg\" \/>\n<meta name=\"author\" content=\"admin\" \/>\n<meta name=\"twitter:card\" content=\"summary_large_image\" \/>\n<meta name=\"twitter:label1\" content=\"Skriven av\" \/>\n\t<meta name=\"twitter:data1\" content=\"admin\" \/>\n\t<meta name=\"twitter:label2\" content=\"Ber\u00e4knad l\u00e4stid\" \/>\n\t<meta name=\"twitter:data2\" content=\"2 minuter\" \/>\n<script type=\"application\/ld+json\" class=\"yoast-schema-graph\">{\"@context\":\"https:\\\/\\\/schema.org\",\"@graph\":[{\"@type\":\"Article\",\"@id\":\"https:\\\/\\\/vendemivivienda.com\\\/sv\\\/varfor-costa-blanca-ar-ett-av-spaniens-mest-efterfragade-omraden\\\/#article\",\"isPartOf\":{\"@id\":\"https:\\\/\\\/vendemivivienda.com\\\/sv\\\/varfor-costa-blanca-ar-ett-av-spaniens-mest-efterfragade-omraden\\\/\"},\"author\":{\"name\":\"admin\",\"@id\":\"https:\\\/\\\/vendemivivienda.com\\\/sv\\\/#\\\/schema\\\/person\\\/96615255e71cb288f92260e95893782d\"},\"headline\":\"Varf\u00f6r Costa Blanca \u00e4r ett av Spaniens mest efterfr\u00e5gade omr\u00e5den?\",\"datePublished\":\"2025-07-27T12:00:21+00:00\",\"dateModified\":\"2026-04-24T19:55:04+00:00\",\"mainEntityOfPage\":{\"@id\":\"https:\\\/\\\/vendemivivienda.com\\\/sv\\\/varfor-costa-blanca-ar-ett-av-spaniens-mest-efterfragade-omraden\\\/\"},\"wordCount\":1333,\"commentCount\":0,\"image\":{\"@id\":\"https:\\\/\\\/vendemivivienda.com\\\/sv\\\/varfor-costa-blanca-ar-ett-av-spaniens-mest-efterfragade-omraden\\\/#primaryimage\"},\"thumbnailUrl\":\"https:\\\/\\\/vendemivivienda.com\\\/wp-content\\\/uploads\\\/2025\\\/08\\\/articulo_javea.jpg\",\"articleSection\":[\"Okategoriserad\"],\"inLanguage\":\"sv-SE\",\"potentialAction\":[{\"@type\":\"CommentAction\",\"name\":\"Comment\",\"target\":[\"https:\\\/\\\/vendemivivienda.com\\\/sv\\\/varfor-costa-blanca-ar-ett-av-spaniens-mest-efterfragade-omraden\\\/#respond\"]}]},{\"@type\":\"WebPage\",\"@id\":\"https:\\\/\\\/vendemivivienda.com\\\/sv\\\/varfor-costa-blanca-ar-ett-av-spaniens-mest-efterfragade-omraden\\\/\",\"url\":\"https:\\\/\\\/vendemivivienda.com\\\/sv\\\/varfor-costa-blanca-ar-ett-av-spaniens-mest-efterfragade-omraden\\\/\",\"name\":\"Varf\u00f6r Costa Blanca \u00e4r ett av Spaniens mest efterfr\u00e5gade omr\u00e5den? - VENDE MI VIVIENDA\",\"isPartOf\":{\"@id\":\"https:\\\/\\\/vendemivivienda.com\\\/sv\\\/#website\"},\"primaryImageOfPage\":{\"@id\":\"https:\\\/\\\/vendemivivienda.com\\\/sv\\\/varfor-costa-blanca-ar-ett-av-spaniens-mest-efterfragade-omraden\\\/#primaryimage\"},\"image\":{\"@id\":\"https:\\\/\\\/vendemivivienda.com\\\/sv\\\/varfor-costa-blanca-ar-ett-av-spaniens-mest-efterfragade-omraden\\\/#primaryimage\"},\"thumbnailUrl\":\"https:\\\/\\\/vendemivivienda.com\\\/wp-content\\\/uploads\\\/2025\\\/08\\\/articulo_javea.jpg\",\"datePublished\":\"2025-07-27T12:00:21+00:00\",\"dateModified\":\"2026-04-24T19:55:04+00:00\",\"author\":{\"@id\":\"https:\\\/\\\/vendemivivienda.com\\\/sv\\\/#\\\/schema\\\/person\\\/96615255e71cb288f92260e95893782d\"},\"breadcrumb\":{\"@id\":\"https:\\\/\\\/vendemivivienda.com\\\/sv\\\/varfor-costa-blanca-ar-ett-av-spaniens-mest-efterfragade-omraden\\\/#breadcrumb\"},\"inLanguage\":\"sv-SE\",\"potentialAction\":[{\"@type\":\"ReadAction\",\"target\":[\"https:\\\/\\\/vendemivivienda.com\\\/sv\\\/varfor-costa-blanca-ar-ett-av-spaniens-mest-efterfragade-omraden\\\/\"]}]},{\"@type\":\"ImageObject\",\"inLanguage\":\"sv-SE\",\"@id\":\"https:\\\/\\\/vendemivivienda.com\\\/sv\\\/varfor-costa-blanca-ar-ett-av-spaniens-mest-efterfragade-omraden\\\/#primaryimage\",\"url\":\"https:\\\/\\\/vendemivivienda.com\\\/wp-content\\\/uploads\\\/2025\\\/08\\\/articulo_javea.jpg\",\"contentUrl\":\"https:\\\/\\\/vendemivivienda.com\\\/wp-content\\\/uploads\\\/2025\\\/08\\\/articulo_javea.jpg\",\"width\":1920,\"height\":900},{\"@type\":\"BreadcrumbList\",\"@id\":\"https:\\\/\\\/vendemivivienda.com\\\/sv\\\/varfor-costa-blanca-ar-ett-av-spaniens-mest-efterfragade-omraden\\\/#breadcrumb\",\"itemListElement\":[{\"@type\":\"ListItem\",\"position\":1,\"name\":\"Portada\",\"item\":\"https:\\\/\\\/vendemivivienda.com\\\/sv\\\/home\\\/\"},{\"@type\":\"ListItem\",\"position\":2,\"name\":\"Varf\u00f6r Costa Blanca \u00e4r ett av Spaniens mest efterfr\u00e5gade omr\u00e5den?\"}]},{\"@type\":\"WebSite\",\"@id\":\"https:\\\/\\\/vendemivivienda.com\\\/sv\\\/#website\",\"url\":\"https:\\\/\\\/vendemivivienda.com\\\/sv\\\/\",\"name\":\"VENDE MI VIVIENDA\",\"description\":\"Vende casa o piso r\u00e1pidamente\",\"potentialAction\":[{\"@type\":\"SearchAction\",\"target\":{\"@type\":\"EntryPoint\",\"urlTemplate\":\"https:\\\/\\\/vendemivivienda.com\\\/sv\\\/?s={search_term_string}\"},\"query-input\":{\"@type\":\"PropertyValueSpecification\",\"valueRequired\":true,\"valueName\":\"search_term_string\"}}],\"inLanguage\":\"sv-SE\"},{\"@type\":\"Person\",\"@id\":\"https:\\\/\\\/vendemivivienda.com\\\/sv\\\/#\\\/schema\\\/person\\\/96615255e71cb288f92260e95893782d\",\"name\":\"admin\",\"image\":{\"@type\":\"ImageObject\",\"inLanguage\":\"sv-SE\",\"@id\":\"https:\\\/\\\/secure.gravatar.com\\\/avatar\\\/5a3b6d5d7f4dc831c0198f4807abba26cc207ec06c71d16cb7656ecd464c5068?s=96&d=mm&r=g\",\"url\":\"https:\\\/\\\/secure.gravatar.com\\\/avatar\\\/5a3b6d5d7f4dc831c0198f4807abba26cc207ec06c71d16cb7656ecd464c5068?s=96&d=mm&r=g\",\"contentUrl\":\"https:\\\/\\\/secure.gravatar.com\\\/avatar\\\/5a3b6d5d7f4dc831c0198f4807abba26cc207ec06c71d16cb7656ecd464c5068?s=96&d=mm&r=g\",\"caption\":\"admin\"},\"sameAs\":[\"https:\\\/\\\/vendemivivienda.com\"]}]}<\/script>\n<!-- \/ Yoast SEO plugin. -->","yoast_head_json":{"title":"Varf\u00f6r Costa Blanca \u00e4r ett av Spaniens mest efterfr\u00e5gade omr\u00e5den? - VENDE MI VIVIENDA","robots":{"index":"index","follow":"follow","max-snippet":"max-snippet:-1","max-image-preview":"max-image-preview:large","max-video-preview":"max-video-preview:-1"},"canonical":"https:\/\/vendemivivienda.com\/sv\/varfor-costa-blanca-ar-ett-av-spaniens-mest-efterfragade-omraden\/","og_locale":"sv_SE","og_type":"article","og_title":"Varf\u00f6r Costa Blanca \u00e4r ett av Spaniens mest efterfr\u00e5gade omr\u00e5den? - VENDE MI VIVIENDA","og_description":"Costa Blanca \u00e4r mer \u00e4n bara sol och str\u00e4nder \u2013 det \u00e4r en av Spaniens mest attraktiva regioner f\u00f6r b\u00e5de boende och investering. Med r\u00e4tt m\u00e4klare i Alicante och Torrevieja kan du som s\u00e4ljare dra full nytta av den h\u00f6ga efterfr\u00e5gan och n\u00e5 r\u00e4tt k\u00f6pare snabbare.","og_url":"https:\/\/vendemivivienda.com\/sv\/varfor-costa-blanca-ar-ett-av-spaniens-mest-efterfragade-omraden\/","og_site_name":"VENDE MI VIVIENDA","article_published_time":"2025-07-27T12:00:21+00:00","article_modified_time":"2026-04-24T19:55:04+00:00","og_image":[{"width":1920,"height":900,"url":"https:\/\/vendemivivienda.com\/wp-content\/uploads\/2025\/08\/articulo_javea.jpg","type":"image\/jpeg"}],"author":"admin","twitter_card":"summary_large_image","twitter_misc":{"Skriven av":"admin","Ber\u00e4knad l\u00e4stid":"2 minuter"},"schema":{"@context":"https:\/\/schema.org","@graph":[{"@type":"Article","@id":"https:\/\/vendemivivienda.com\/sv\/varfor-costa-blanca-ar-ett-av-spaniens-mest-efterfragade-omraden\/#article","isPartOf":{"@id":"https:\/\/vendemivivienda.com\/sv\/varfor-costa-blanca-ar-ett-av-spaniens-mest-efterfragade-omraden\/"},"author":{"name":"admin","@id":"https:\/\/vendemivivienda.com\/sv\/#\/schema\/person\/96615255e71cb288f92260e95893782d"},"headline":"Varf\u00f6r Costa Blanca \u00e4r ett av Spaniens mest efterfr\u00e5gade omr\u00e5den?","datePublished":"2025-07-27T12:00:21+00:00","dateModified":"2026-04-24T19:55:04+00:00","mainEntityOfPage":{"@id":"https:\/\/vendemivivienda.com\/sv\/varfor-costa-blanca-ar-ett-av-spaniens-mest-efterfragade-omraden\/"},"wordCount":1333,"commentCount":0,"image":{"@id":"https:\/\/vendemivivienda.com\/sv\/varfor-costa-blanca-ar-ett-av-spaniens-mest-efterfragade-omraden\/#primaryimage"},"thumbnailUrl":"https:\/\/vendemivivienda.com\/wp-content\/uploads\/2025\/08\/articulo_javea.jpg","articleSection":["Okategoriserad"],"inLanguage":"sv-SE","potentialAction":[{"@type":"CommentAction","name":"Comment","target":["https:\/\/vendemivivienda.com\/sv\/varfor-costa-blanca-ar-ett-av-spaniens-mest-efterfragade-omraden\/#respond"]}]},{"@type":"WebPage","@id":"https:\/\/vendemivivienda.com\/sv\/varfor-costa-blanca-ar-ett-av-spaniens-mest-efterfragade-omraden\/","url":"https:\/\/vendemivivienda.com\/sv\/varfor-costa-blanca-ar-ett-av-spaniens-mest-efterfragade-omraden\/","name":"Varf\u00f6r Costa Blanca \u00e4r ett av Spaniens mest efterfr\u00e5gade omr\u00e5den? - VENDE MI VIVIENDA","isPartOf":{"@id":"https:\/\/vendemivivienda.com\/sv\/#website"},"primaryImageOfPage":{"@id":"https:\/\/vendemivivienda.com\/sv\/varfor-costa-blanca-ar-ett-av-spaniens-mest-efterfragade-omraden\/#primaryimage"},"image":{"@id":"https:\/\/vendemivivienda.com\/sv\/varfor-costa-blanca-ar-ett-av-spaniens-mest-efterfragade-omraden\/#primaryimage"},"thumbnailUrl":"https:\/\/vendemivivienda.com\/wp-content\/uploads\/2025\/08\/articulo_javea.jpg","datePublished":"2025-07-27T12:00:21+00:00","dateModified":"2026-04-24T19:55:04+00:00","author":{"@id":"https:\/\/vendemivivienda.com\/sv\/#\/schema\/person\/96615255e71cb288f92260e95893782d"},"breadcrumb":{"@id":"https:\/\/vendemivivienda.com\/sv\/varfor-costa-blanca-ar-ett-av-spaniens-mest-efterfragade-omraden\/#breadcrumb"},"inLanguage":"sv-SE","potentialAction":[{"@type":"ReadAction","target":["https:\/\/vendemivivienda.com\/sv\/varfor-costa-blanca-ar-ett-av-spaniens-mest-efterfragade-omraden\/"]}]},{"@type":"ImageObject","inLanguage":"sv-SE","@id":"https:\/\/vendemivivienda.com\/sv\/varfor-costa-blanca-ar-ett-av-spaniens-mest-efterfragade-omraden\/#primaryimage","url":"https:\/\/vendemivivienda.com\/wp-content\/uploads\/2025\/08\/articulo_javea.jpg","contentUrl":"https:\/\/vendemivivienda.com\/wp-content\/uploads\/2025\/08\/articulo_javea.jpg","width":1920,"height":900},{"@type":"BreadcrumbList","@id":"https:\/\/vendemivivienda.com\/sv\/varfor-costa-blanca-ar-ett-av-spaniens-mest-efterfragade-omraden\/#breadcrumb","itemListElement":[{"@type":"ListItem","position":1,"name":"Portada","item":"https:\/\/vendemivivienda.com\/sv\/home\/"},{"@type":"ListItem","position":2,"name":"Varf\u00f6r Costa Blanca \u00e4r ett av Spaniens mest efterfr\u00e5gade omr\u00e5den?"}]},{"@type":"WebSite","@id":"https:\/\/vendemivivienda.com\/sv\/#website","url":"https:\/\/vendemivivienda.com\/sv\/","name":"VENDE MI VIVIENDA","description":"Vende casa o piso r\u00e1pidamente","potentialAction":[{"@type":"SearchAction","target":{"@type":"EntryPoint","urlTemplate":"https:\/\/vendemivivienda.com\/sv\/?s={search_term_string}"},"query-input":{"@type":"PropertyValueSpecification","valueRequired":true,"valueName":"search_term_string"}}],"inLanguage":"sv-SE"},{"@type":"Person","@id":"https:\/\/vendemivivienda.com\/sv\/#\/schema\/person\/96615255e71cb288f92260e95893782d","name":"admin","image":{"@type":"ImageObject","inLanguage":"sv-SE","@id":"https:\/\/secure.gravatar.com\/avatar\/5a3b6d5d7f4dc831c0198f4807abba26cc207ec06c71d16cb7656ecd464c5068?s=96&d=mm&r=g","url":"https:\/\/secure.gravatar.com\/avatar\/5a3b6d5d7f4dc831c0198f4807abba26cc207ec06c71d16cb7656ecd464c5068?s=96&d=mm&r=g","contentUrl":"https:\/\/secure.gravatar.com\/avatar\/5a3b6d5d7f4dc831c0198f4807abba26cc207ec06c71d16cb7656ecd464c5068?s=96&d=mm&r=g","caption":"admin"},"sameAs":["https:\/\/vendemivivienda.com"]}]}},"_links":{"self":[{"href":"https:\/\/vendemivivienda.com\/sv\/wp-json\/wp\/v2\/posts\/3881","targetHints":{"allow":["GET"]}}],"collection":[{"href":"https:\/\/vendemivivienda.com\/sv\/wp-json\/wp\/v2\/posts"}],"about":[{"href":"https:\/\/vendemivivienda.com\/sv\/wp-json\/wp\/v2\/types\/post"}],"author":[{"embeddable":true,"href":"https:\/\/vendemivivienda.com\/sv\/wp-json\/wp\/v2\/users\/1"}],"replies":[{"embeddable":true,"href":"https:\/\/vendemivivienda.com\/sv\/wp-json\/wp\/v2\/comments?post=3881"}],"version-history":[{"count":3,"href":"https:\/\/vendemivivienda.com\/sv\/wp-json\/wp\/v2\/posts\/3881\/revisions"}],"predecessor-version":[{"id":3910,"href":"https:\/\/vendemivivienda.com\/sv\/wp-json\/wp\/v2\/posts\/3881\/revisions\/3910"}],"wp:featuredmedia":[{"embeddable":true,"href":"https:\/\/vendemivivienda.com\/sv\/wp-json\/wp\/v2\/media\/3880"}],"wp:attachment":[{"href":"https:\/\/vendemivivienda.com\/sv\/wp-json\/wp\/v2\/media?parent=3881"}],"wp:term":[{"taxonomy":"category","embeddable":true,"href":"https:\/\/vendemivivienda.com\/sv\/wp-json\/wp\/v2\/categories?post=3881"},{"taxonomy":"post_tag","embeddable":true,"href":"https:\/\/vendemivivienda.com\/sv\/wp-json\/wp\/v2\/tags?post=3881"}],"curies":[{"name":"wp","href":"https:\/\/api.w.org\/{rel}","templated":true}]}}