{"id":3875,"date":"2025-07-30T12:00:55","date_gmt":"2025-07-30T12:00:55","guid":{"rendered":"https:\/\/vendemivivienda.com\/?p=3875"},"modified":"2026-04-24T19:54:46","modified_gmt":"2026-04-24T19:54:46","slug":"salja-bostad-pa-costa-blanca-sa-lyckas-du-i-alicante-och-torrevieja","status":"publish","type":"post","link":"https:\/\/vendemivivienda.com\/sv\/salja-bostad-pa-costa-blanca-sa-lyckas-du-i-alicante-och-torrevieja\/","title":{"rendered":"S\u00e4lja bostad p\u00e5 Costa Blanca \u2013 s\u00e5 lyckas du i Alicante och Torrevieja"},"content":{"rendered":"\n<style type=\"text\/css\" data-created_by=\"avia_inline_auto\" id=\"style-css-av-li8xm9k3-43046dafd359436ca9f781fd7256b516\">\n#top .av-special-heading.av-li8xm9k3-43046dafd359436ca9f781fd7256b516{\npadding-bottom:10px;\n}\nbody .av-special-heading.av-li8xm9k3-43046dafd359436ca9f781fd7256b516 .av-special-heading-tag .heading-char{\nfont-size:25px;\n}\n.av-special-heading.av-li8xm9k3-43046dafd359436ca9f781fd7256b516 .av-subheading{\nfont-size:15px;\n}\n<\/style>\n<div  class='av-special-heading av-li8xm9k3-43046dafd359436ca9f781fd7256b516 av-special-heading-h1 blockquote modern-quote modern-centered  avia-builder-el-0  el_before_av_hr  avia-builder-el-first '><h1 class='av-special-heading-tag '  itemprop=\"headline\"  >S\u00e4lja bostad p\u00e5 Costa Blanca \u2013 s\u00e5 lyckas du i Alicante och Torrevieja<\/h1><div class=\"special-heading-border\"><div class=\"special-heading-inner-border\"><\/div><\/div><\/div>\n\n<style type=\"text\/css\" data-created_by=\"avia_inline_auto\" id=\"style-css-av-li8y5clf-324f700044d7c75377af737c857a329a\">\n#top .hr.hr-invisible.av-li8y5clf-324f700044d7c75377af737c857a329a{\nheight:30px;\n}\n<\/style>\n<div  class='hr av-li8y5clf-324f700044d7c75377af737c857a329a hr-invisible  avia-builder-el-1  el_after_av_heading  el_before_av_image '><span class='hr-inner '><span class=\"hr-inner-style\"><\/span><\/span><\/div>\n\n<style type=\"text\/css\" data-created_by=\"avia_inline_auto\" id=\"style-css-av-1mqkc-465f23b46c617a8977f4dbac95fa343f\">\n.avia-image-container.av-1mqkc-465f23b46c617a8977f4dbac95fa343f img.avia_image{\nbox-shadow:none;\n}\n.avia-image-container.av-1mqkc-465f23b46c617a8977f4dbac95fa343f .av-image-caption-overlay-center{\ncolor:#ffffff;\n}\n<\/style>\n<div  class='avia-image-container av-1mqkc-465f23b46c617a8977f4dbac95fa343f av-styling- avia-align-center  avia-builder-el-2  el_after_av_hr  el_before_av_hr '   itemprop=\"image\" itemscope=\"itemscope\" itemtype=\"https:\/\/schema.org\/ImageObject\" ><div class=\"avia-image-container-inner\"><div class=\"avia-image-overlay-wrap\"><img decoding=\"async\" fetchpriority=\"high\" class='wp-image-3874 avia-img-lazy-loading-not-3874 avia_image ' src=\"https:\/\/vendemivivienda.com\/wp-content\/uploads\/2025\/08\/articulo_alicante_2-1030x483.jpg\" alt='' title='Alicante (desde el Castillo)'  height=\"483\" width=\"1030\"  itemprop=\"thumbnailUrl\" srcset=\"https:\/\/vendemivivienda.com\/wp-content\/uploads\/2025\/08\/articulo_alicante_2-1030x483.jpg 1030w, https:\/\/vendemivivienda.com\/wp-content\/uploads\/2025\/08\/articulo_alicante_2-300x141.jpg 300w, https:\/\/vendemivivienda.com\/wp-content\/uploads\/2025\/08\/articulo_alicante_2-768x360.jpg 768w, https:\/\/vendemivivienda.com\/wp-content\/uploads\/2025\/08\/articulo_alicante_2-1536x720.jpg 1536w, https:\/\/vendemivivienda.com\/wp-content\/uploads\/2025\/08\/articulo_alicante_2-1500x703.jpg 1500w, https:\/\/vendemivivienda.com\/wp-content\/uploads\/2025\/08\/articulo_alicante_2-705x330.jpg 705w, https:\/\/vendemivivienda.com\/wp-content\/uploads\/2025\/08\/articulo_alicante_2.jpg 1920w\" sizes=\"(max-width: 1030px) 100vw, 1030px\" \/><\/div><\/div><\/div>\n<div  class='hr av-tky8-383e348cb157b5217183e5a0fdeb12fb hr-default  avia-builder-el-3  el_after_av_image  el_before_av_textblock '><span class='hr-inner '><span class=\"hr-inner-style\"><\/span><\/span><\/div>\n<section  class='av_textblock_section av-li8xroq7-fff4a7e5ac7dd2f7fca8663ffd222ab1 '   itemscope=\"itemscope\" itemtype=\"https:\/\/schema.org\/BlogPosting\" itemprop=\"blogPost\" ><div class='avia_textblock'  itemprop=\"text\" ><p><span lang=\"sv-SE\"><b>S\u00e4lja bostad p\u00e5 Costa Blanca \u2013 s\u00e5 lyckas du i Alicante och Torrevieja<\/b><\/span><\/p>\n<p><span lang=\"sv-SE\">Att s\u00e4lja en bostad p\u00e5 Costa Blanca kr\u00e4ver mer \u00e4n att bara l\u00e4gga ut en annons. Marknaden f\u00f6r\u00e4ndras snabbt, och med r\u00e4tt strategi \u2013 och r\u00e4tt m\u00e4klare i Alicante och Torrevieja \u2013 kan du b\u00e5de s\u00e4lja snabbare och f\u00e5 b\u00e4ttre betalt.<br \/>\nSom den st\u00f6rsta svenska m\u00e4klaren p\u00e5 plats h\u00e4r p\u00e5 Costa Blanca, har vi branschens mest attraktiva kundregister, b\u00e5de f\u00f6r svenska och spanska k\u00f6pare samt alla andra nationaliteter som just nu s\u00f6ker boende d\u00e4r du bor.<br \/>\nVi har stora exponeringsytor p\u00e5 Alicantes och Torreviejas mest trafikerade och popul\u00e4ra adresser. V\u00e5ra skyltf\u00f6nster passeras av tusentals spanjorer och turister varje dag vilket ger din bostad en extra f\u00f6rdel. Ut\u00f6ver traditionella kanaler som Idealista har vi \u00e4ven marknadsf\u00f6ring som n\u00e5r ut i hela Europa.<br \/>\nVi har branschens b\u00e4sta Instagram-konto och ut\u00f6ver det m\u00e4klarnas egna sociala medier-konton. Vi kommer ut med en helt annan kraft!<br \/>\n<\/span><\/p>\n<p><span lang=\"sv-SE\">H\u00e4r g\u00e5r vi igenom vad du beh\u00f6ver veta f\u00f6r att lyckas.<\/span><\/p>\n<p><span lang=\"sv-SE\"><b>1. H\u00f6g efterfr\u00e5gan p\u00e5 bost\u00e4der i Alicante och Torrevieja<\/b><\/span><\/p>\n<p><span lang=\"sv-SE\">Costa Blanca \u00e4r en av Spaniens mest efterfr\u00e5gade regioner. St\u00e4der som Alicante och Torrevieja \u00e4r k\u00e4nda som svenskarnas paradis men lockar b\u00e5despanska och internationella k\u00f6pare och investerare.<\/span><\/p>\n<p>Det betyder:<\/p>\n<ul>\n<li>fler spekulanter<\/li>\n<li>snabbare aff\u00e4rer<\/li>\n<li>m\u00f6jlighet till b\u00e4ttre slutpris<\/li>\n<\/ul>\n<p><span lang=\"sv-SE\">Men det betyder ocks\u00e5:<\/span><\/p>\n<ul>\n<li><span lang=\"sv-SE\">h\u00e5rdare konkurrens mellan bost\u00e4derna<\/span><\/li>\n<li><span lang=\"sv-SE\">sv\u00e5rare att sticka ut ur m\u00e4ngden<\/span><\/li>\n<li><span lang=\"sv-SE\">k\u00f6pare som v\u00e4ljer fr\u00e5n ett stort utbud<br \/>\n<\/span><\/li>\n<\/ul>\n<p><span lang=\"sv-SE\"><b>2. R\u00e4tt m\u00e4klare p\u00e5 Costa Blanca g\u00f6r hela skillnaden<\/b><\/span><\/p>\n<p><span lang=\"sv-SE\">Att v\u00e4lja r\u00e4tt m\u00e4klare i Alicante eller Torrevieja \u00e4r avg\u00f6rande.<\/span><\/p>\n<p>En lokal m\u00e4klare:<\/p>\n<ul>\n<li><span lang=\"sv-SE\">vet vad k\u00f6pare \u00e4r beredda att betala<\/span><\/li>\n<li><span lang=\"sv-SE\">kan priss\u00e4tta r\u00e4tt fr\u00e5n start<\/span><\/li>\n<li><span lang=\"sv-SE\">har tillg\u00e5ng till ett aktivt kundregister<\/span><\/li>\n<\/ul>\n<p><span lang=\"sv-SE\">Fel strategi = bostaden blir liggande<br \/>\nR\u00e4tt strategi = snabb aff\u00e4r till r\u00e4tt pris<\/span><\/p>\n<p><span lang=\"sv-SE\"><b>3. R\u00e4tt pris fr\u00e5n b\u00f6rjan \u2013 undvik att fastna p\u00e5 marknaden<\/b><\/span><\/p>\n<p><span lang=\"sv-SE\">En av de vanligaste misstagen \u00e4r att s\u00e4tta ett f\u00f6r h\u00f6gt pris, eller v\u00e4lja den m\u00e4klare som utlovar det h\u00f6gsta utg\u00e5ngspriset. Priss\u00e4ttning \u00e4r en strategi, l\u00e4mna inte den uppgiften \u00e5t en m\u00e4klare som inte kan omr\u00e5det.<br \/>\nK\u00f6pare j\u00e4mf\u00f6r redan bost\u00e4der i ditt omr\u00e5de online och f\u00e5r en bra bild av vad som s\u00e4ljs och vad som st\u00e5r helt stilla. De \u00e4r inte intresserade av att f\u00f6rhandla ner priset med \u00e4gare som \u201dtestar marknaden\u201d. K\u00f6pare ignorerar ist\u00e4llet bostaden till dess att \u00e4garen sj\u00e4lv tvingas b\u00f6rja f\u00f6rhandla ner priset &#8211; med sig sj\u00e4lv.<br \/>\nPriss\u00e4nkning f\u00f6r priss\u00e4nkning ser k\u00f6pare hur bostaden sakta n\u00e4rmar sig verkligheten. N\u00e4r priset efter flera m\u00e5nader n\u00e5r en marknadsm\u00e4ssig niv\u00e5 presenterar ofta k\u00f6paren ett \u00e4nnu l\u00e4gre bud, eftersom man har f\u00e5tt f\u00f6lja den negativa utvecklingen och ingen annan k\u00f6pare tycks vara intresserad av den.<br \/>\nDet h\u00e4r misstaget \u00e4r dock enkelt att undvika.<br \/>\n<\/span><\/p>\n<p><span lang=\"sv-SE\">Med en korrekt v\u00e4rdering:<\/span><\/p>\n<ul>\n<li>f\u00e5r du fler intressenter direkt<\/li>\n<li>skapar konkurrens<\/li>\n<li>\u00f6kar chansen till b\u00e4ttre slutpris<\/li>\n<\/ul>\n<p><span lang=\"sv-SE\"><b>4. Digital marknadsf\u00f6ring \u00e4r inte bara viktigt, det \u00e4r avg\u00f6rande f\u00f6r resultatet<\/b><\/span><\/p>\n<p><span lang=\"sv-SE\">De flesta k\u00f6pare b\u00f6rjar sin s\u00f6kning online.<\/span><\/p>\n<p><span lang=\"sv-SE\">F\u00f6r att sticka ut kr\u00e4vs:<\/span><\/p>\n<ul>\n<li>professionella bilder<\/li>\n<li><span lang=\"sv-SE\">en planl\u00f6sning som ger \u00f6verblick<\/span><\/li>\n<li>video och 360 tour<\/li>\n<li><span lang=\"sv-SE\">en text som ger en glimt av livsstilen<\/span><\/li>\n<li>annonsering mot r\u00e4tt m\u00e5lgrupp<\/li>\n<li><span lang=\"sv-SE\">ekonomiska muskler, det kostar att annonsera inom och utanf\u00f6r Spanien<\/span><\/li>\n<\/ul>\n<p><span lang=\"sv-SE\">Erfarna m\u00e4klare f\u00f6rst\u00e5r vad som kr\u00e4vs investeringsm\u00e4ssigt f\u00f6r ett gott resultat och s\u00e4kerst\u00e4ller resultatet genom att din bostad syns d\u00e4r k\u00f6parna finns. D\u00e4rf\u00f6r ska du aldrig v\u00e4lja m\u00e4klare baserat p\u00e5 l\u00e4gst arvode, v\u00e4lj den m\u00e4klare i Torrevieja och Alicante som har b\u00e4st strategi f\u00f6r marknadsf\u00f6ringen, det ger alltid det b\u00e4sta slutresultatet.<\/span><\/p>\n<p><span lang=\"sv-SE\"><b>5. Internationella k\u00f6pare driver marknaden<\/b><\/span><\/p>\n<p><span lang=\"sv-SE\">P\u00e5 Costa Blanca \u00e4r en stor del av k\u00f6parna internationella.<\/span><\/p>\n<p>Det inneb\u00e4r:<\/p>\n<ul>\n<li>fler m\u00f6jligheter<\/li>\n<li>st\u00f6rre konkurrens om din bostad<\/li>\n<li>h\u00f6gre potential i pris<\/li>\n<\/ul>\n<p><span lang=\"sv-SE\">Men det kr\u00e4ver ocks\u00e5 en m\u00e4klarbyr\u00e5 som talar flera spr\u00e5k, l\u00e4gger vikt vid marknadsf\u00f6ringen och kan hantera olika budgivningar med olika nationaliteter. <\/span><\/p>\n<p><span lang=\"sv-SE\"><b><br \/>\nVill du veta vad din bostad \u00e4r v\u00e4rd i Alicante eller Torrevieja?<\/b><\/span><\/p>\n<p><span lang=\"sv-SE\">Fyll i v\u00e5rt formul\u00e4r och f\u00e5 en kostnadsfri v\u00e4rdering fr\u00e5n en lokal m\u00e4klare p\u00e5 Costa Blanca.<\/span><\/p>\n<p>&#x2714; <span lang=\"sv-SE\">Snabbt svar<br \/>\n<\/span><span style=\"font-family: Segoe UI Symbol, sans-serif;\"><span lang=\"sv-SE\">&#x2714;<\/span><\/span><span lang=\"sv-SE\"> Inga f<\/span><span style=\"font-family: Aptos, sans-serif;\"><span lang=\"sv-SE\">\u00f6<\/span><\/span><span lang=\"sv-SE\">rpliktelser<br \/>\n<\/span><span style=\"font-family: Segoe UI Symbol, sans-serif;\"><span lang=\"sv-SE\">&#x2714;<\/span><\/span><span lang=\"sv-SE\"> Anpassat efter marknaden just nu<\/span><\/p>\n<p><span lang=\"sv-SE\">Vi arbetar dagligen som m\u00e4klare i Alicante och Torrevieja och vet vad som kr\u00e4vs f\u00f6r att f\u00e5 bost\u00e4der s\u00e5lda \u2013 snabbt, tryggt och till r\u00e4tt pris.<\/span><\/p>\n<p><span lang=\"sv-SE\">Vill du s\u00e4lja din bostad med r\u00e4tt strategi fr\u00e5n b\u00f6rjan, finns vi h\u00e4r f\u00f6r att hj\u00e4lpa dig.<\/span><\/p>\n<\/div><\/section>\n","protected":false},"excerpt":{"rendered":"<p>S\u00e4lja bostad p\u00e5 Costa Blanca \u2013 s\u00e5 lyckas du i Alicante och Torrevieja<\/p>\n<p>Att s\u00e4lja en bostad p\u00e5 Costa Blanca kr\u00e4ver mer \u00e4n att bara l\u00e4gga ut en annons. Marknaden f\u00f6r\u00e4ndras snabbt, och med r\u00e4tt strategi \u2013 och r\u00e4tt m\u00e4klare i Alicante och Torrevieja \u2013 kan du b\u00e5de s\u00e4lja snabbare och f\u00e5 b\u00e4ttre betalt.<br \/>\nSom den st\u00f6rsta svenska m\u00e4klaren p\u00e5 plats h\u00e4r p\u00e5 Costa Blanca, har vi branschens mest attraktiva kundregister, b\u00e5de f\u00f6r svenska och spanska k\u00f6pare samt alla andra nationaliteter som just nu s\u00f6ker boende d\u00e4r du bor.<br \/>\nVi har stora exponeringsytor p\u00e5 Alicantes och Torreviejas mest trafikerade och popul\u00e4ra adresser. V\u00e5ra skyltf\u00f6nster passeras av tusentals spanjorer och turister varje dag vilket ger din bostad en extra f\u00f6rdel. Ut\u00f6ver traditionella kanaler som Idealista har vi \u00e4ven marknadsf\u00f6ring som n\u00e5r ut i hela Europa.<\/p>\n","protected":false},"author":1,"featured_media":3874,"comment_status":"open","ping_status":"open","sticky":false,"template":"","format":"standard","meta":{"_acf_changed":false,"footnotes":""},"categories":[225],"tags":[],"class_list":["post-3875","post","type-post","status-publish","format-standard","has-post-thumbnail","hentry","category-okategoriserad"],"acf":[],"yoast_head":"<!-- This site is optimized with the Yoast SEO plugin v27.4 - https:\/\/yoast.com\/product\/yoast-seo-wordpress\/ -->\n<title>S\u00e4lja bostad p\u00e5 Costa Blanca \u2013 s\u00e5 lyckas du i Alicante och Torrevieja - VENDE MI VIVIENDA<\/title>\n<meta name=\"description\" content=\"Conoce las tendencias y claves del mercado inmobiliario en la Costa Blanca para vender tu vivienda con \u00e9xito. Vendemivivienda te gu\u00eda para lograr la mejor venta.\" \/>\n<meta name=\"robots\" content=\"index, follow, max-snippet:-1, max-image-preview:large, max-video-preview:-1\" \/>\n<link rel=\"canonical\" href=\"https:\/\/vendemivivienda.com\/sv\/salja-bostad-pa-costa-blanca-sa-lyckas-du-i-alicante-och-torrevieja\/\" \/>\n<meta property=\"og:locale\" content=\"sv_SE\" \/>\n<meta property=\"og:type\" content=\"article\" \/>\n<meta property=\"og:title\" content=\"S\u00e4lja bostad p\u00e5 Costa Blanca \u2013 s\u00e5 lyckas du i Alicante och Torrevieja - VENDE MI VIVIENDA\" \/>\n<meta property=\"og:description\" content=\"Conoce las tendencias y claves del mercado inmobiliario en la Costa Blanca para vender tu vivienda con \u00e9xito. Vendemivivienda te gu\u00eda para lograr la mejor venta.\" \/>\n<meta property=\"og:url\" content=\"https:\/\/vendemivivienda.com\/sv\/salja-bostad-pa-costa-blanca-sa-lyckas-du-i-alicante-och-torrevieja\/\" \/>\n<meta property=\"og:site_name\" content=\"VENDE MI VIVIENDA\" \/>\n<meta property=\"article:published_time\" content=\"2025-07-30T12:00:55+00:00\" \/>\n<meta property=\"article:modified_time\" content=\"2026-04-24T19:54:46+00:00\" \/>\n<meta property=\"og:image\" content=\"https:\/\/vendemivivienda.com\/wp-content\/uploads\/2025\/08\/articulo_alicante_2.jpg\" \/>\n\t<meta property=\"og:image:width\" content=\"1920\" \/>\n\t<meta property=\"og:image:height\" content=\"900\" \/>\n\t<meta property=\"og:image:type\" content=\"image\/jpeg\" \/>\n<meta name=\"author\" content=\"admin\" \/>\n<meta name=\"twitter:card\" content=\"summary_large_image\" \/>\n<meta name=\"twitter:label1\" content=\"Skriven av\" \/>\n\t<meta name=\"twitter:data1\" content=\"admin\" \/>\n\t<meta name=\"twitter:label2\" content=\"Ber\u00e4knad l\u00e4stid\" \/>\n\t<meta name=\"twitter:data2\" content=\"4 minuter\" \/>\n<script type=\"application\/ld+json\" class=\"yoast-schema-graph\">{\"@context\":\"https:\\\/\\\/schema.org\",\"@graph\":[{\"@type\":\"Article\",\"@id\":\"https:\\\/\\\/vendemivivienda.com\\\/sv\\\/salja-bostad-pa-costa-blanca-sa-lyckas-du-i-alicante-och-torrevieja\\\/#article\",\"isPartOf\":{\"@id\":\"https:\\\/\\\/vendemivivienda.com\\\/sv\\\/salja-bostad-pa-costa-blanca-sa-lyckas-du-i-alicante-och-torrevieja\\\/\"},\"author\":{\"name\":\"admin\",\"@id\":\"https:\\\/\\\/vendemivivienda.com\\\/sv\\\/#\\\/schema\\\/person\\\/96615255e71cb288f92260e95893782d\"},\"headline\":\"S\u00e4lja bostad p\u00e5 Costa Blanca \u2013 s\u00e5 lyckas du i Alicante och Torrevieja\",\"datePublished\":\"2025-07-30T12:00:55+00:00\",\"dateModified\":\"2026-04-24T19:54:46+00:00\",\"mainEntityOfPage\":{\"@id\":\"https:\\\/\\\/vendemivivienda.com\\\/sv\\\/salja-bostad-pa-costa-blanca-sa-lyckas-du-i-alicante-och-torrevieja\\\/\"},\"wordCount\":1763,\"commentCount\":0,\"image\":{\"@id\":\"https:\\\/\\\/vendemivivienda.com\\\/sv\\\/salja-bostad-pa-costa-blanca-sa-lyckas-du-i-alicante-och-torrevieja\\\/#primaryimage\"},\"thumbnailUrl\":\"https:\\\/\\\/vendemivivienda.com\\\/wp-content\\\/uploads\\\/2025\\\/08\\\/articulo_alicante_2.jpg\",\"articleSection\":[\"Okategoriserad\"],\"inLanguage\":\"sv-SE\",\"potentialAction\":[{\"@type\":\"CommentAction\",\"name\":\"Comment\",\"target\":[\"https:\\\/\\\/vendemivivienda.com\\\/sv\\\/salja-bostad-pa-costa-blanca-sa-lyckas-du-i-alicante-och-torrevieja\\\/#respond\"]}]},{\"@type\":\"WebPage\",\"@id\":\"https:\\\/\\\/vendemivivienda.com\\\/sv\\\/salja-bostad-pa-costa-blanca-sa-lyckas-du-i-alicante-och-torrevieja\\\/\",\"url\":\"https:\\\/\\\/vendemivivienda.com\\\/sv\\\/salja-bostad-pa-costa-blanca-sa-lyckas-du-i-alicante-och-torrevieja\\\/\",\"name\":\"S\u00e4lja bostad p\u00e5 Costa Blanca \u2013 s\u00e5 lyckas du i Alicante och Torrevieja - VENDE MI VIVIENDA\",\"isPartOf\":{\"@id\":\"https:\\\/\\\/vendemivivienda.com\\\/sv\\\/#website\"},\"primaryImageOfPage\":{\"@id\":\"https:\\\/\\\/vendemivivienda.com\\\/sv\\\/salja-bostad-pa-costa-blanca-sa-lyckas-du-i-alicante-och-torrevieja\\\/#primaryimage\"},\"image\":{\"@id\":\"https:\\\/\\\/vendemivivienda.com\\\/sv\\\/salja-bostad-pa-costa-blanca-sa-lyckas-du-i-alicante-och-torrevieja\\\/#primaryimage\"},\"thumbnailUrl\":\"https:\\\/\\\/vendemivivienda.com\\\/wp-content\\\/uploads\\\/2025\\\/08\\\/articulo_alicante_2.jpg\",\"datePublished\":\"2025-07-30T12:00:55+00:00\",\"dateModified\":\"2026-04-24T19:54:46+00:00\",\"author\":{\"@id\":\"https:\\\/\\\/vendemivivienda.com\\\/sv\\\/#\\\/schema\\\/person\\\/96615255e71cb288f92260e95893782d\"},\"description\":\"Conoce las tendencias y claves del mercado inmobiliario en la Costa Blanca para vender tu vivienda con \u00e9xito. Vendemivivienda te gu\u00eda para lograr la mejor venta.\",\"breadcrumb\":{\"@id\":\"https:\\\/\\\/vendemivivienda.com\\\/sv\\\/salja-bostad-pa-costa-blanca-sa-lyckas-du-i-alicante-och-torrevieja\\\/#breadcrumb\"},\"inLanguage\":\"sv-SE\",\"potentialAction\":[{\"@type\":\"ReadAction\",\"target\":[\"https:\\\/\\\/vendemivivienda.com\\\/sv\\\/salja-bostad-pa-costa-blanca-sa-lyckas-du-i-alicante-och-torrevieja\\\/\"]}]},{\"@type\":\"ImageObject\",\"inLanguage\":\"sv-SE\",\"@id\":\"https:\\\/\\\/vendemivivienda.com\\\/sv\\\/salja-bostad-pa-costa-blanca-sa-lyckas-du-i-alicante-och-torrevieja\\\/#primaryimage\",\"url\":\"https:\\\/\\\/vendemivivienda.com\\\/wp-content\\\/uploads\\\/2025\\\/08\\\/articulo_alicante_2.jpg\",\"contentUrl\":\"https:\\\/\\\/vendemivivienda.com\\\/wp-content\\\/uploads\\\/2025\\\/08\\\/articulo_alicante_2.jpg\",\"width\":1920,\"height\":900},{\"@type\":\"BreadcrumbList\",\"@id\":\"https:\\\/\\\/vendemivivienda.com\\\/sv\\\/salja-bostad-pa-costa-blanca-sa-lyckas-du-i-alicante-och-torrevieja\\\/#breadcrumb\",\"itemListElement\":[{\"@type\":\"ListItem\",\"position\":1,\"name\":\"Portada\",\"item\":\"https:\\\/\\\/vendemivivienda.com\\\/sv\\\/home\\\/\"},{\"@type\":\"ListItem\",\"position\":2,\"name\":\"S\u00e4lja bostad p\u00e5 Costa Blanca \u2013 s\u00e5 lyckas du i Alicante och Torrevieja\"}]},{\"@type\":\"WebSite\",\"@id\":\"https:\\\/\\\/vendemivivienda.com\\\/sv\\\/#website\",\"url\":\"https:\\\/\\\/vendemivivienda.com\\\/sv\\\/\",\"name\":\"VENDE MI VIVIENDA\",\"description\":\"Vende casa o piso r\u00e1pidamente\",\"potentialAction\":[{\"@type\":\"SearchAction\",\"target\":{\"@type\":\"EntryPoint\",\"urlTemplate\":\"https:\\\/\\\/vendemivivienda.com\\\/sv\\\/?s={search_term_string}\"},\"query-input\":{\"@type\":\"PropertyValueSpecification\",\"valueRequired\":true,\"valueName\":\"search_term_string\"}}],\"inLanguage\":\"sv-SE\"},{\"@type\":\"Person\",\"@id\":\"https:\\\/\\\/vendemivivienda.com\\\/sv\\\/#\\\/schema\\\/person\\\/96615255e71cb288f92260e95893782d\",\"name\":\"admin\",\"image\":{\"@type\":\"ImageObject\",\"inLanguage\":\"sv-SE\",\"@id\":\"https:\\\/\\\/secure.gravatar.com\\\/avatar\\\/5a3b6d5d7f4dc831c0198f4807abba26cc207ec06c71d16cb7656ecd464c5068?s=96&d=mm&r=g\",\"url\":\"https:\\\/\\\/secure.gravatar.com\\\/avatar\\\/5a3b6d5d7f4dc831c0198f4807abba26cc207ec06c71d16cb7656ecd464c5068?s=96&d=mm&r=g\",\"contentUrl\":\"https:\\\/\\\/secure.gravatar.com\\\/avatar\\\/5a3b6d5d7f4dc831c0198f4807abba26cc207ec06c71d16cb7656ecd464c5068?s=96&d=mm&r=g\",\"caption\":\"admin\"},\"sameAs\":[\"https:\\\/\\\/vendemivivienda.com\"]}]}<\/script>\n<!-- \/ Yoast SEO plugin. -->","yoast_head_json":{"title":"S\u00e4lja bostad p\u00e5 Costa Blanca \u2013 s\u00e5 lyckas du i Alicante och Torrevieja - VENDE MI VIVIENDA","description":"Conoce las tendencias y claves del mercado inmobiliario en la Costa Blanca para vender tu vivienda con \u00e9xito. Vendemivivienda te gu\u00eda para lograr la mejor venta.","robots":{"index":"index","follow":"follow","max-snippet":"max-snippet:-1","max-image-preview":"max-image-preview:large","max-video-preview":"max-video-preview:-1"},"canonical":"https:\/\/vendemivivienda.com\/sv\/salja-bostad-pa-costa-blanca-sa-lyckas-du-i-alicante-och-torrevieja\/","og_locale":"sv_SE","og_type":"article","og_title":"S\u00e4lja bostad p\u00e5 Costa Blanca \u2013 s\u00e5 lyckas du i Alicante och Torrevieja - VENDE MI VIVIENDA","og_description":"Conoce las tendencias y claves del mercado inmobiliario en la Costa Blanca para vender tu vivienda con \u00e9xito. Vendemivivienda te gu\u00eda para lograr la mejor venta.","og_url":"https:\/\/vendemivivienda.com\/sv\/salja-bostad-pa-costa-blanca-sa-lyckas-du-i-alicante-och-torrevieja\/","og_site_name":"VENDE MI VIVIENDA","article_published_time":"2025-07-30T12:00:55+00:00","article_modified_time":"2026-04-24T19:54:46+00:00","og_image":[{"width":1920,"height":900,"url":"https:\/\/vendemivivienda.com\/wp-content\/uploads\/2025\/08\/articulo_alicante_2.jpg","type":"image\/jpeg"}],"author":"admin","twitter_card":"summary_large_image","twitter_misc":{"Skriven av":"admin","Ber\u00e4knad l\u00e4stid":"4 minuter"},"schema":{"@context":"https:\/\/schema.org","@graph":[{"@type":"Article","@id":"https:\/\/vendemivivienda.com\/sv\/salja-bostad-pa-costa-blanca-sa-lyckas-du-i-alicante-och-torrevieja\/#article","isPartOf":{"@id":"https:\/\/vendemivivienda.com\/sv\/salja-bostad-pa-costa-blanca-sa-lyckas-du-i-alicante-och-torrevieja\/"},"author":{"name":"admin","@id":"https:\/\/vendemivivienda.com\/sv\/#\/schema\/person\/96615255e71cb288f92260e95893782d"},"headline":"S\u00e4lja bostad p\u00e5 Costa Blanca \u2013 s\u00e5 lyckas du i Alicante och Torrevieja","datePublished":"2025-07-30T12:00:55+00:00","dateModified":"2026-04-24T19:54:46+00:00","mainEntityOfPage":{"@id":"https:\/\/vendemivivienda.com\/sv\/salja-bostad-pa-costa-blanca-sa-lyckas-du-i-alicante-och-torrevieja\/"},"wordCount":1763,"commentCount":0,"image":{"@id":"https:\/\/vendemivivienda.com\/sv\/salja-bostad-pa-costa-blanca-sa-lyckas-du-i-alicante-och-torrevieja\/#primaryimage"},"thumbnailUrl":"https:\/\/vendemivivienda.com\/wp-content\/uploads\/2025\/08\/articulo_alicante_2.jpg","articleSection":["Okategoriserad"],"inLanguage":"sv-SE","potentialAction":[{"@type":"CommentAction","name":"Comment","target":["https:\/\/vendemivivienda.com\/sv\/salja-bostad-pa-costa-blanca-sa-lyckas-du-i-alicante-och-torrevieja\/#respond"]}]},{"@type":"WebPage","@id":"https:\/\/vendemivivienda.com\/sv\/salja-bostad-pa-costa-blanca-sa-lyckas-du-i-alicante-och-torrevieja\/","url":"https:\/\/vendemivivienda.com\/sv\/salja-bostad-pa-costa-blanca-sa-lyckas-du-i-alicante-och-torrevieja\/","name":"S\u00e4lja bostad p\u00e5 Costa Blanca \u2013 s\u00e5 lyckas du i Alicante och Torrevieja - VENDE MI VIVIENDA","isPartOf":{"@id":"https:\/\/vendemivivienda.com\/sv\/#website"},"primaryImageOfPage":{"@id":"https:\/\/vendemivivienda.com\/sv\/salja-bostad-pa-costa-blanca-sa-lyckas-du-i-alicante-och-torrevieja\/#primaryimage"},"image":{"@id":"https:\/\/vendemivivienda.com\/sv\/salja-bostad-pa-costa-blanca-sa-lyckas-du-i-alicante-och-torrevieja\/#primaryimage"},"thumbnailUrl":"https:\/\/vendemivivienda.com\/wp-content\/uploads\/2025\/08\/articulo_alicante_2.jpg","datePublished":"2025-07-30T12:00:55+00:00","dateModified":"2026-04-24T19:54:46+00:00","author":{"@id":"https:\/\/vendemivivienda.com\/sv\/#\/schema\/person\/96615255e71cb288f92260e95893782d"},"description":"Conoce las tendencias y claves del mercado inmobiliario en la Costa Blanca para vender tu vivienda con \u00e9xito. Vendemivivienda te gu\u00eda para lograr la mejor venta.","breadcrumb":{"@id":"https:\/\/vendemivivienda.com\/sv\/salja-bostad-pa-costa-blanca-sa-lyckas-du-i-alicante-och-torrevieja\/#breadcrumb"},"inLanguage":"sv-SE","potentialAction":[{"@type":"ReadAction","target":["https:\/\/vendemivivienda.com\/sv\/salja-bostad-pa-costa-blanca-sa-lyckas-du-i-alicante-och-torrevieja\/"]}]},{"@type":"ImageObject","inLanguage":"sv-SE","@id":"https:\/\/vendemivivienda.com\/sv\/salja-bostad-pa-costa-blanca-sa-lyckas-du-i-alicante-och-torrevieja\/#primaryimage","url":"https:\/\/vendemivivienda.com\/wp-content\/uploads\/2025\/08\/articulo_alicante_2.jpg","contentUrl":"https:\/\/vendemivivienda.com\/wp-content\/uploads\/2025\/08\/articulo_alicante_2.jpg","width":1920,"height":900},{"@type":"BreadcrumbList","@id":"https:\/\/vendemivivienda.com\/sv\/salja-bostad-pa-costa-blanca-sa-lyckas-du-i-alicante-och-torrevieja\/#breadcrumb","itemListElement":[{"@type":"ListItem","position":1,"name":"Portada","item":"https:\/\/vendemivivienda.com\/sv\/home\/"},{"@type":"ListItem","position":2,"name":"S\u00e4lja bostad p\u00e5 Costa Blanca \u2013 s\u00e5 lyckas du i Alicante och Torrevieja"}]},{"@type":"WebSite","@id":"https:\/\/vendemivivienda.com\/sv\/#website","url":"https:\/\/vendemivivienda.com\/sv\/","name":"VENDE MI VIVIENDA","description":"Vende casa o piso r\u00e1pidamente","potentialAction":[{"@type":"SearchAction","target":{"@type":"EntryPoint","urlTemplate":"https:\/\/vendemivivienda.com\/sv\/?s={search_term_string}"},"query-input":{"@type":"PropertyValueSpecification","valueRequired":true,"valueName":"search_term_string"}}],"inLanguage":"sv-SE"},{"@type":"Person","@id":"https:\/\/vendemivivienda.com\/sv\/#\/schema\/person\/96615255e71cb288f92260e95893782d","name":"admin","image":{"@type":"ImageObject","inLanguage":"sv-SE","@id":"https:\/\/secure.gravatar.com\/avatar\/5a3b6d5d7f4dc831c0198f4807abba26cc207ec06c71d16cb7656ecd464c5068?s=96&d=mm&r=g","url":"https:\/\/secure.gravatar.com\/avatar\/5a3b6d5d7f4dc831c0198f4807abba26cc207ec06c71d16cb7656ecd464c5068?s=96&d=mm&r=g","contentUrl":"https:\/\/secure.gravatar.com\/avatar\/5a3b6d5d7f4dc831c0198f4807abba26cc207ec06c71d16cb7656ecd464c5068?s=96&d=mm&r=g","caption":"admin"},"sameAs":["https:\/\/vendemivivienda.com"]}]}},"_links":{"self":[{"href":"https:\/\/vendemivivienda.com\/sv\/wp-json\/wp\/v2\/posts\/3875","targetHints":{"allow":["GET"]}}],"collection":[{"href":"https:\/\/vendemivivienda.com\/sv\/wp-json\/wp\/v2\/posts"}],"about":[{"href":"https:\/\/vendemivivienda.com\/sv\/wp-json\/wp\/v2\/types\/post"}],"author":[{"embeddable":true,"href":"https:\/\/vendemivivienda.com\/sv\/wp-json\/wp\/v2\/users\/1"}],"replies":[{"embeddable":true,"href":"https:\/\/vendemivivienda.com\/sv\/wp-json\/wp\/v2\/comments?post=3875"}],"version-history":[{"count":4,"href":"https:\/\/vendemivivienda.com\/sv\/wp-json\/wp\/v2\/posts\/3875\/revisions"}],"predecessor-version":[{"id":3909,"href":"https:\/\/vendemivivienda.com\/sv\/wp-json\/wp\/v2\/posts\/3875\/revisions\/3909"}],"wp:featuredmedia":[{"embeddable":true,"href":"https:\/\/vendemivivienda.com\/sv\/wp-json\/wp\/v2\/media\/3874"}],"wp:attachment":[{"href":"https:\/\/vendemivivienda.com\/sv\/wp-json\/wp\/v2\/media?parent=3875"}],"wp:term":[{"taxonomy":"category","embeddable":true,"href":"https:\/\/vendemivivienda.com\/sv\/wp-json\/wp\/v2\/categories?post=3875"},{"taxonomy":"post_tag","embeddable":true,"href":"https:\/\/vendemivivienda.com\/sv\/wp-json\/wp\/v2\/tags?post=3875"}],"curies":[{"name":"wp","href":"https:\/\/api.w.org\/{rel}","templated":true}]}}